{"id":7771,"date":"2018-04-27T18:42:38","date_gmt":"2018-04-27T18:42:38","guid":{"rendered":"http:\/\/womenwagepeace.org.il\/en\/?p=7771"},"modified":"2022-08-24T10:50:59","modified_gmt":"2022-08-24T10:50:59","slug":"bnai-brith-celebra-mes-da-mulher-com-liderancas-do-movimento-womem-wage-peace-pletz-com-25-de-abril-de-2018","status":"publish","type":"post","link":"https:\/\/www.womenwagepeace.org.il\/en\/bnai-brith-celebra-mes-da-mulher-com-liderancas-do-movimento-womem-wage-peace-pletz-com-25-de-abril-de-2018\/","title":{"rendered":"B\u2019nai B\u2019rith celebra M\u00eas da Mulher com lideran\u00e7as do Movimento Womem Wage Peace \/ PLETZ.com &#8211; 25 de Abril de 2018"},"content":{"rendered":"<h4><strong>No m\u00eas da mulher, duas lideran\u00e7as do Movimento Womem Wage Peace (Mulheres Fazem a Paz) vieram ao Brasil participar de intensa programa\u00e7\u00e3o no Rio de Janeiro e em S\u00e3o Paulo.<\/strong><\/h4>\n<p>As duas israelenses, Nadia Yossef, \u00e1rabe mu\u00e7ulmana e Sol Esther ,judia de fam\u00edlia sefaradita marroquina contaram sobre a trajet\u00f3ria de luta pela presen\u00e7a das mulheres nas negocia\u00e7\u00f5es de conflitos, conforme preconizado pela ONU.<\/p>\n<div class=\"td-g-rec td-g-rec-id-content_inlineleft td_uid_4_5ae215034034a_rand td_block_template_1\"><\/div>\n<p>Nadia Yossef, de fam\u00edlia nobre, do Norte de Israel \u2013 Aldeia Ara, \u00e9 formada em Educa\u00e7\u00e3o Cient\u00edfica. Professora e Supervisora em Ci\u00eancia e Tecnologia do Minist\u00e9rio da Educa\u00e7\u00e3o. Membro permanente do Citizens Accord Forum. Ativista social em eventos de mulheres.<\/p>\n<p>Sol Esther Ciechanovsky israelense, tamb\u00e9m do Norte, (do Ishuv Qatzir), sargento reformado do ex\u00e9rcito de Israel, \u00e9 Bacharel em Teatro educacional e Educa\u00e7\u00e3o especializada, e mestre pela Universidade de Tel Aviv.<\/p>\n<p><img fetchpriority=\"high\" class=\"alignnone size-medium wp-image-7772\" src=\"http:\/\/womenwagepeace.org.il\/en\/wp-content\/uploads\/Nadia-Yunes-in-Brasil-300x197.jpg\" alt=\"Nadia Yunes in Brasil\" width=\"300\" height=\"197\" \/><\/p>\n<p>http:\/\/www.pletz.com\/blog\/bnai-brith-celebra-mes-da-mulher-com-liderancas-do-movimento-womem-wage-peace\/<\/p>\n<p>&nbsp;<\/p>\n","protected":false},"excerpt":{"rendered":"<p>No m\u00eas da mulher, duas lideran\u00e7as do Movimento Womem Wage Peace (Mulheres Fazem a Paz) vieram ao Brasil participar de intensa programa\u00e7\u00e3o no Rio de Janeiro e em S\u00e3o Paulo. As duas israelenses, Nadia Yossef, \u00e1rabe mu\u00e7ulmana e Sol Esther ,judia de fam\u00edlia sefaradita marroquina contaram sobre a trajet\u00f3ria de luta pela presen\u00e7a das mulheres [&hellip;]<\/p>\n","protected":false},"author":3,"featured_media":7772,"comment_status":"open","ping_status":"closed","sticky":false,"template":"","format":"standard","meta":[],"categories":[45],"tags":[],"yoast_head":"<!-- This site is optimized with the Yoast SEO plugin v20.0 - https:\/\/yoast.com\/wordpress\/plugins\/seo\/ -->\n<title>B\u2019nai B\u2019rith celebra M\u00eas da Mulher com lideran\u00e7as do Movimento Womem Wage Peace \/ PLETZ.com - 25 de Abril de 2018 - Women Wage Peace<\/title>\n<meta name=\"robots\" content=\"index, follow, max-snippet:-1, max-image-preview:large, max-video-preview:-1\" \/>\n<link rel=\"canonical\" href=\"https:\/\/www.womenwagepeace.org.il\/en\/bnai-brith-celebra-mes-da-mulher-com-liderancas-do-movimento-womem-wage-peace-pletz-com-25-de-abril-de-2018\/\" \/>\n<meta property=\"og:locale\" content=\"en_US\" \/>\n<meta property=\"og:type\" content=\"article\" \/>\n<meta property=\"og:title\" content=\"B\u2019nai B\u2019rith celebra M\u00eas da Mulher com lideran\u00e7as do Movimento Womem Wage Peace \/ PLETZ.com - 25 de Abril de 2018 - Women Wage Peace\" \/>\n<meta property=\"og:description\" content=\"No m\u00eas da mulher, duas lideran\u00e7as do Movimento Womem Wage Peace (Mulheres Fazem a Paz) vieram ao Brasil participar de intensa programa\u00e7\u00e3o no Rio de Janeiro e em S\u00e3o Paulo. As duas israelenses, Nadia Yossef, \u00e1rabe mu\u00e7ulmana e Sol Esther ,judia de fam\u00edlia sefaradita marroquina contaram sobre a trajet\u00f3ria de luta pela presen\u00e7a das mulheres [&hellip;]\" \/>\n<meta property=\"og:url\" content=\"https:\/\/www.womenwagepeace.org.il\/en\/bnai-brith-celebra-mes-da-mulher-com-liderancas-do-movimento-womem-wage-peace-pletz-com-25-de-abril-de-2018\/\" \/>\n<meta property=\"og:site_name\" content=\"Women Wage Peace\" \/>\n<meta property=\"article:publisher\" content=\"https:\/\/www.facebook.com\/womenwagepeaceenglish\/\" \/>\n<meta property=\"article:published_time\" content=\"2018-04-27T18:42:38+00:00\" \/>\n<meta property=\"article:modified_time\" content=\"2022-08-24T10:50:59+00:00\" \/>\n<meta property=\"og:image\" content=\"https:\/\/www.womenwagepeace.org.il\/en\/wp-content\/uploads\/Nadia-Yunes-in-Brasil.jpg\" \/>\n\t<meta property=\"og:image:width\" content=\"600\" \/>\n\t<meta property=\"og:image:height\" content=\"394\" \/>\n\t<meta property=\"og:image:type\" content=\"image\/jpeg\" \/>\n<meta name=\"author\" content=\"womenwagepeace\" \/>\n<meta name=\"twitter:card\" content=\"summary_large_image\" \/>\n<meta name=\"twitter:creator\" content=\"@WomenWagePeace\" \/>\n<meta name=\"twitter:site\" content=\"@WomenWagePeace\" \/>\n<meta name=\"twitter:label1\" content=\"Written by\" \/>\n\t<meta name=\"twitter:data1\" content=\"womenwagepeace\" \/>\n\t<meta name=\"twitter:label2\" content=\"Est. reading time\" \/>\n\t<meta name=\"twitter:data2\" content=\"1 minute\" \/>\n<script type=\"application\/ld+json\" class=\"yoast-schema-graph\">{\"@context\":\"https:\/\/schema.org\",\"@graph\":[{\"@type\":\"Article\",\"@id\":\"https:\/\/www.womenwagepeace.org.il\/en\/bnai-brith-celebra-mes-da-mulher-com-liderancas-do-movimento-womem-wage-peace-pletz-com-25-de-abril-de-2018\/#article\",\"isPartOf\":{\"@id\":\"https:\/\/www.womenwagepeace.org.il\/en\/bnai-brith-celebra-mes-da-mulher-com-liderancas-do-movimento-womem-wage-peace-pletz-com-25-de-abril-de-2018\/\"},\"author\":{\"name\":\"womenwagepeace\",\"@id\":\"https:\/\/www.womenwagepeace.org.il\/en\/#\/schema\/person\/66106f4f1421a7fc87ecdc1d7d3c7411\"},\"headline\":\"B\u2019nai B\u2019rith celebra M\u00eas da Mulher com lideran\u00e7as do Movimento Womem Wage Peace \/ PLETZ.com &#8211; 25 de Abril de 2018\",\"datePublished\":\"2018-04-27T18:42:38+00:00\",\"dateModified\":\"2022-08-24T10:50:59+00:00\",\"mainEntityOfPage\":{\"@id\":\"https:\/\/www.womenwagepeace.org.il\/en\/bnai-brith-celebra-mes-da-mulher-com-liderancas-do-movimento-womem-wage-peace-pletz-com-25-de-abril-de-2018\/\"},\"wordCount\":179,\"commentCount\":0,\"publisher\":{\"@id\":\"https:\/\/www.womenwagepeace.org.il\/en\/#organization\"},\"articleSection\":[\"Around the world\"],\"inLanguage\":\"en\",\"potentialAction\":[{\"@type\":\"CommentAction\",\"name\":\"Comment\",\"target\":[\"https:\/\/www.womenwagepeace.org.il\/en\/bnai-brith-celebra-mes-da-mulher-com-liderancas-do-movimento-womem-wage-peace-pletz-com-25-de-abril-de-2018\/#respond\"]}]},{\"@type\":\"WebPage\",\"@id\":\"https:\/\/www.womenwagepeace.org.il\/en\/bnai-brith-celebra-mes-da-mulher-com-liderancas-do-movimento-womem-wage-peace-pletz-com-25-de-abril-de-2018\/\",\"url\":\"https:\/\/www.womenwagepeace.org.il\/en\/bnai-brith-celebra-mes-da-mulher-com-liderancas-do-movimento-womem-wage-peace-pletz-com-25-de-abril-de-2018\/\",\"name\":\"B\u2019nai B\u2019rith celebra M\u00eas da Mulher com lideran\u00e7as do Movimento Womem Wage Peace \/ PLETZ.com - 25 de Abril de 2018 - Women Wage Peace\",\"isPartOf\":{\"@id\":\"https:\/\/www.womenwagepeace.org.il\/en\/#website\"},\"datePublished\":\"2018-04-27T18:42:38+00:00\",\"dateModified\":\"2022-08-24T10:50:59+00:00\",\"breadcrumb\":{\"@id\":\"https:\/\/www.womenwagepeace.org.il\/en\/bnai-brith-celebra-mes-da-mulher-com-liderancas-do-movimento-womem-wage-peace-pletz-com-25-de-abril-de-2018\/#breadcrumb\"},\"inLanguage\":\"en\",\"potentialAction\":[{\"@type\":\"ReadAction\",\"target\":[\"https:\/\/www.womenwagepeace.org.il\/en\/bnai-brith-celebra-mes-da-mulher-com-liderancas-do-movimento-womem-wage-peace-pletz-com-25-de-abril-de-2018\/\"]}]},{\"@type\":\"BreadcrumbList\",\"@id\":\"https:\/\/www.womenwagepeace.org.il\/en\/bnai-brith-celebra-mes-da-mulher-com-liderancas-do-movimento-womem-wage-peace-pletz-com-25-de-abril-de-2018\/#breadcrumb\",\"itemListElement\":[{\"@type\":\"ListItem\",\"position\":1,\"name\":\"Home\",\"item\":\"https:\/\/www.womenwagepeace.org.il\/en\/\"},{\"@type\":\"ListItem\",\"position\":2,\"name\":\"B\u2019nai B\u2019rith celebra M\u00eas da Mulher com lideran\u00e7as do Movimento Womem Wage Peace \/ PLETZ.com &#8211; 25 de Abril de 2018\"}]},{\"@type\":\"WebSite\",\"@id\":\"https:\/\/www.womenwagepeace.org.il\/en\/#website\",\"url\":\"https:\/\/www.womenwagepeace.org.il\/en\/\",\"name\":\"Women Wage Peace\",\"description\":\"English website\",\"publisher\":{\"@id\":\"https:\/\/www.womenwagepeace.org.il\/en\/#organization\"},\"potentialAction\":[{\"@type\":\"SearchAction\",\"target\":{\"@type\":\"EntryPoint\",\"urlTemplate\":\"https:\/\/www.womenwagepeace.org.il\/en\/?s={search_term_string}\"},\"query-input\":\"required name=search_term_string\"}],\"inLanguage\":\"en\"},{\"@type\":\"Organization\",\"@id\":\"https:\/\/www.womenwagepeace.org.il\/en\/#organization\",\"name\":\"Women Wage Peace\",\"url\":\"https:\/\/www.womenwagepeace.org.il\/en\/\",\"logo\":{\"@type\":\"ImageObject\",\"inLanguage\":\"en\",\"@id\":\"https:\/\/www.womenwagepeace.org.il\/en\/#\/schema\/logo\/image\/\",\"url\":\"https:\/\/www.womenwagepeace.org.il\/en\/wp-content\/uploads\/logo.png\",\"contentUrl\":\"https:\/\/www.womenwagepeace.org.il\/en\/wp-content\/uploads\/logo.png\",\"width\":242,\"height\":108,\"caption\":\"Women Wage Peace\"},\"image\":{\"@id\":\"https:\/\/www.womenwagepeace.org.il\/en\/#\/schema\/logo\/image\/\"},\"sameAs\":[\"https:\/\/www.facebook.com\/womenwagepeaceenglish\/\",\"https:\/\/twitter.com\/WomenWagePeace\"]},{\"@type\":\"Person\",\"@id\":\"https:\/\/www.womenwagepeace.org.il\/en\/#\/schema\/person\/66106f4f1421a7fc87ecdc1d7d3c7411\",\"name\":\"womenwagepeace\",\"url\":\"https:\/\/www.womenwagepeace.org.il\/en\/author\/womenwagepeace\/\"}]}<\/script>\n<!-- \/ Yoast SEO plugin. -->","yoast_head_json":{"title":"B\u2019nai B\u2019rith celebra M\u00eas da Mulher com lideran\u00e7as do Movimento Womem Wage Peace \/ PLETZ.com - 25 de Abril de 2018 - Women Wage Peace","robots":{"index":"index","follow":"follow","max-snippet":"max-snippet:-1","max-image-preview":"max-image-preview:large","max-video-preview":"max-video-preview:-1"},"canonical":"https:\/\/www.womenwagepeace.org.il\/en\/bnai-brith-celebra-mes-da-mulher-com-liderancas-do-movimento-womem-wage-peace-pletz-com-25-de-abril-de-2018\/","og_locale":"en_US","og_type":"article","og_title":"B\u2019nai B\u2019rith celebra M\u00eas da Mulher com lideran\u00e7as do Movimento Womem Wage Peace \/ PLETZ.com - 25 de Abril de 2018 - Women Wage Peace","og_description":"No m\u00eas da mulher, duas lideran\u00e7as do Movimento Womem Wage Peace (Mulheres Fazem a Paz) vieram ao Brasil participar de intensa programa\u00e7\u00e3o no Rio de Janeiro e em S\u00e3o Paulo. As duas israelenses, Nadia Yossef, \u00e1rabe mu\u00e7ulmana e Sol Esther ,judia de fam\u00edlia sefaradita marroquina contaram sobre a trajet\u00f3ria de luta pela presen\u00e7a das mulheres [&hellip;]","og_url":"https:\/\/www.womenwagepeace.org.il\/en\/bnai-brith-celebra-mes-da-mulher-com-liderancas-do-movimento-womem-wage-peace-pletz-com-25-de-abril-de-2018\/","og_site_name":"Women Wage Peace","article_publisher":"https:\/\/www.facebook.com\/womenwagepeaceenglish\/","article_published_time":"2018-04-27T18:42:38+00:00","article_modified_time":"2022-08-24T10:50:59+00:00","og_image":[{"width":600,"height":394,"url":"https:\/\/www.womenwagepeace.org.il\/en\/wp-content\/uploads\/Nadia-Yunes-in-Brasil.jpg","type":"image\/jpeg"}],"author":"womenwagepeace","twitter_card":"summary_large_image","twitter_creator":"@WomenWagePeace","twitter_site":"@WomenWagePeace","twitter_misc":{"Written by":"womenwagepeace","Est. reading time":"1 minute"},"schema":{"@context":"https:\/\/schema.org","@graph":[{"@type":"Article","@id":"https:\/\/www.womenwagepeace.org.il\/en\/bnai-brith-celebra-mes-da-mulher-com-liderancas-do-movimento-womem-wage-peace-pletz-com-25-de-abril-de-2018\/#article","isPartOf":{"@id":"https:\/\/www.womenwagepeace.org.il\/en\/bnai-brith-celebra-mes-da-mulher-com-liderancas-do-movimento-womem-wage-peace-pletz-com-25-de-abril-de-2018\/"},"author":{"name":"womenwagepeace","@id":"https:\/\/www.womenwagepeace.org.il\/en\/#\/schema\/person\/66106f4f1421a7fc87ecdc1d7d3c7411"},"headline":"B\u2019nai B\u2019rith celebra M\u00eas da Mulher com lideran\u00e7as do Movimento Womem Wage Peace \/ PLETZ.com &#8211; 25 de Abril de 2018","datePublished":"2018-04-27T18:42:38+00:00","dateModified":"2022-08-24T10:50:59+00:00","mainEntityOfPage":{"@id":"https:\/\/www.womenwagepeace.org.il\/en\/bnai-brith-celebra-mes-da-mulher-com-liderancas-do-movimento-womem-wage-peace-pletz-com-25-de-abril-de-2018\/"},"wordCount":179,"commentCount":0,"publisher":{"@id":"https:\/\/www.womenwagepeace.org.il\/en\/#organization"},"articleSection":["Around the world"],"inLanguage":"en","potentialAction":[{"@type":"CommentAction","name":"Comment","target":["https:\/\/www.womenwagepeace.org.il\/en\/bnai-brith-celebra-mes-da-mulher-com-liderancas-do-movimento-womem-wage-peace-pletz-com-25-de-abril-de-2018\/#respond"]}]},{"@type":"WebPage","@id":"https:\/\/www.womenwagepeace.org.il\/en\/bnai-brith-celebra-mes-da-mulher-com-liderancas-do-movimento-womem-wage-peace-pletz-com-25-de-abril-de-2018\/","url":"https:\/\/www.womenwagepeace.org.il\/en\/bnai-brith-celebra-mes-da-mulher-com-liderancas-do-movimento-womem-wage-peace-pletz-com-25-de-abril-de-2018\/","name":"B\u2019nai B\u2019rith celebra M\u00eas da Mulher com lideran\u00e7as do Movimento Womem Wage Peace \/ PLETZ.com - 25 de Abril de 2018 - Women Wage Peace","isPartOf":{"@id":"https:\/\/www.womenwagepeace.org.il\/en\/#website"},"datePublished":"2018-04-27T18:42:38+00:00","dateModified":"2022-08-24T10:50:59+00:00","breadcrumb":{"@id":"https:\/\/www.womenwagepeace.org.il\/en\/bnai-brith-celebra-mes-da-mulher-com-liderancas-do-movimento-womem-wage-peace-pletz-com-25-de-abril-de-2018\/#breadcrumb"},"inLanguage":"en","potentialAction":[{"@type":"ReadAction","target":["https:\/\/www.womenwagepeace.org.il\/en\/bnai-brith-celebra-mes-da-mulher-com-liderancas-do-movimento-womem-wage-peace-pletz-com-25-de-abril-de-2018\/"]}]},{"@type":"BreadcrumbList","@id":"https:\/\/www.womenwagepeace.org.il\/en\/bnai-brith-celebra-mes-da-mulher-com-liderancas-do-movimento-womem-wage-peace-pletz-com-25-de-abril-de-2018\/#breadcrumb","itemListElement":[{"@type":"ListItem","position":1,"name":"Home","item":"https:\/\/www.womenwagepeace.org.il\/en\/"},{"@type":"ListItem","position":2,"name":"B\u2019nai B\u2019rith celebra M\u00eas da Mulher com lideran\u00e7as do Movimento Womem Wage Peace \/ PLETZ.com &#8211; 25 de Abril de 2018"}]},{"@type":"WebSite","@id":"https:\/\/www.womenwagepeace.org.il\/en\/#website","url":"https:\/\/www.womenwagepeace.org.il\/en\/","name":"Women Wage Peace","description":"English website","publisher":{"@id":"https:\/\/www.womenwagepeace.org.il\/en\/#organization"},"potentialAction":[{"@type":"SearchAction","target":{"@type":"EntryPoint","urlTemplate":"https:\/\/www.womenwagepeace.org.il\/en\/?s={search_term_string}"},"query-input":"required name=search_term_string"}],"inLanguage":"en"},{"@type":"Organization","@id":"https:\/\/www.womenwagepeace.org.il\/en\/#organization","name":"Women Wage Peace","url":"https:\/\/www.womenwagepeace.org.il\/en\/","logo":{"@type":"ImageObject","inLanguage":"en","@id":"https:\/\/www.womenwagepeace.org.il\/en\/#\/schema\/logo\/image\/","url":"https:\/\/www.womenwagepeace.org.il\/en\/wp-content\/uploads\/logo.png","contentUrl":"https:\/\/www.womenwagepeace.org.il\/en\/wp-content\/uploads\/logo.png","width":242,"height":108,"caption":"Women Wage Peace"},"image":{"@id":"https:\/\/www.womenwagepeace.org.il\/en\/#\/schema\/logo\/image\/"},"sameAs":["https:\/\/www.facebook.com\/womenwagepeaceenglish\/","https:\/\/twitter.com\/WomenWagePeace"]},{"@type":"Person","@id":"https:\/\/www.womenwagepeace.org.il\/en\/#\/schema\/person\/66106f4f1421a7fc87ecdc1d7d3c7411","name":"womenwagepeace","url":"https:\/\/www.womenwagepeace.org.il\/en\/author\/womenwagepeace\/"}]}},"_links":{"self":[{"href":"https:\/\/www.womenwagepeace.org.il\/en\/wp-json\/wp\/v2\/posts\/7771"}],"collection":[{"href":"https:\/\/www.womenwagepeace.org.il\/en\/wp-json\/wp\/v2\/posts"}],"about":[{"href":"https:\/\/www.womenwagepeace.org.il\/en\/wp-json\/wp\/v2\/types\/post"}],"author":[{"embeddable":true,"href":"https:\/\/www.womenwagepeace.org.il\/en\/wp-json\/wp\/v2\/users\/3"}],"replies":[{"embeddable":true,"href":"https:\/\/www.womenwagepeace.org.il\/en\/wp-json\/wp\/v2\/comments?post=7771"}],"version-history":[{"count":1,"href":"https:\/\/www.womenwagepeace.org.il\/en\/wp-json\/wp\/v2\/posts\/7771\/revisions"}],"predecessor-version":[{"id":10283,"href":"https:\/\/www.womenwagepeace.org.il\/en\/wp-json\/wp\/v2\/posts\/7771\/revisions\/10283"}],"wp:featuredmedia":[{"embeddable":true,"href":"https:\/\/www.womenwagepeace.org.il\/en\/wp-json\/wp\/v2\/media\/7772"}],"wp:attachment":[{"href":"https:\/\/www.womenwagepeace.org.il\/en\/wp-json\/wp\/v2\/media?parent=7771"}],"wp:term":[{"taxonomy":"category","embeddable":true,"href":"https:\/\/www.womenwagepeace.org.il\/en\/wp-json\/wp\/v2\/categories?post=7771"},{"taxonomy":"post_tag","embeddable":true,"href":"https:\/\/www.womenwagepeace.org.il\/en\/wp-json\/wp\/v2\/tags?post=7771"}],"curies":[{"name":"wp","href":"https:\/\/api.w.org\/{rel}","templated":true}]}}