{"id":7404,"date":"2017-11-15T15:40:52","date_gmt":"2017-11-15T15:40:52","guid":{"rendered":"http:\/\/womenwagepeace.org.il\/en\/?p=7404"},"modified":"2022-08-24T10:51:32","modified_gmt":"2022-08-24T10:51:32","slug":"la-couverture-dans-les-medias-la-visite-des-representants-des-wwp-paris-nov-17","status":"publish","type":"post","link":"https:\/\/www.womenwagepeace.org.il\/en\/la-couverture-dans-les-medias-la-visite-des-representants-des-wwp-paris-nov-17\/","title":{"rendered":"La couverture dans les medias de la visite des repr\u00e9sentants des WWP \u00e0 Paris lors d&#8217;une c\u00e9r\u00e9monie comm\u00e9morative pour Yitzhak Rabin, Nov. 2017"},"content":{"rendered":"<p>&nbsp;<\/p>\n<ul>\n<li><img fetchpriority=\"high\" class=\"wp-image-7405 \" src=\"https:\/\/www.womenwagepeace.org.il\/en-new\/wp-content\/uploads\/Marilyne-Smadja-Amal-Rihan-Huda-Abu-Arqub-in-Paris-Nov-2017.jpg\" alt=\"Marilyne Smadja Amal Rihan Huda Abu Arqub in Paris Nov 2017\" width=\"676\" height=\"380\" srcset=\"https:\/\/www.womenwagepeace.org.il\/en\/wp-content\/uploads\/Marilyne-Smadja-Amal-Rihan-Huda-Abu-Arqub-in-Paris-Nov-2017.jpg 960w, https:\/\/www.womenwagepeace.org.il\/en\/wp-content\/uploads\/Marilyne-Smadja-Amal-Rihan-Huda-Abu-Arqub-in-Paris-Nov-2017-350x197.jpg 350w, https:\/\/www.womenwagepeace.org.il\/en\/wp-content\/uploads\/Marilyne-Smadja-Amal-Rihan-Huda-Abu-Arqub-in-Paris-Nov-2017-768x432.jpg 768w\" sizes=\"(max-width: 676px) 100vw, 676px\" \/><\/li>\n<li>\u00a0<a href=\"http:\/\/www.actuj.com\/2017-11\/communaute\/5847-il-y-a-22-ans-itzhak-rabin#\" target=\"_blank\" rel=\"noopener noreferrer\">Il y a 22 ans, Itzhak Rabin, Par Myriam Edery Le 08\/11\/2017 \u00e0 09h00\u00a0Rubrique Communaut\u00e9<\/a><\/li>\n<\/ul>\n<p style=\"font-weight: 400;\"><a href=\"https:\/\/drive.google.com\/open?id=0B7seRKzdIA3sc0hTSGZBX2NHS3ZlRTFXWVBHLUk0aFFHb1dR\" target=\"_blank\" rel=\"noopener noreferrer\">Marie-Lyne Smadja,\u00a0 entretien a Bernard Abouaf,\u00a0 Radio Shalom le 10.11.17 sur WWP \u00e0 Paris Pr\u00e9sentation de WWP \u00e0 la soir\u00e9e de Comm\u00e9moration de Rabin Z&#8221;L, audition a l&#8217;Assembl\u00e9e Nationale et au Senat.<\/a><\/p>\n<p style=\"font-weight: 400;\"><a href=\"https:\/\/www.batisseusesdepaix.fr\/\" target=\"_blank\" rel=\"noopener noreferrer\">Emission &#8220;FEMMES PLURIELLES&#8221; sur JUDA\u00cfQUES FM,\u00a0<strong>Sur la\u00a0<\/strong>soir\u00e9e Rabin, L&#8217;assembl\u00e9e Nationale<\/a>, Jeudi 9 novembre 2017 de 9h30 \u00e0 10h00, Journaliste :\u00a0<strong>Annie-Paule Derczansky<\/strong><\/p>\n<p style=\"font-weight: 400;\"><a href=\"https:\/\/www.reforme.net\/actualite\/monde\/israel-palestine-des-femmes-marchent-pour-la-paix\/\" target=\"_blank\" rel=\"noopener noreferrer\">Les femmes, enfin, Valerie Thorin, Reforme no. 3730, 24.11.17<\/a><\/p>\n<p>[pdf-embedder url=&#8221;https:\/\/www.womenwagepeace.org.il\/en-new\/wp-content\/uploads\/Re\u0301forme-WWP-Rabin-ZL-23.11.pdf&#8221; title=&#8221;Re\u0301forme WWP Rabin ZL 23.11&#8243;]<\/p>\n<p>Marilyne Smadja Amal Rihan Huda Abu Arquob in Paris Nov 2017<\/p>\n<figure id=\"attachment_7406\" aria-describedby=\"caption-attachment-7406\" style=\"width: 960px\" class=\"wp-caption aligncenter\"><img class=\"wp-image-7406 size-full\" src=\"https:\/\/www.womenwagepeace.org.il\/en-new\/wp-content\/uploads\/WWP-representatives-in-the-French-Parliament-Nov-2017.jpg\" alt=\"WWP representatives in the French Parliament Nov 2017 (Dina Ben-Yakir, Marie Lyne Smadja, Amal Rihan)\" width=\"960\" height=\"528\" srcset=\"https:\/\/www.womenwagepeace.org.il\/en\/wp-content\/uploads\/WWP-representatives-in-the-French-Parliament-Nov-2017.jpg 960w, https:\/\/www.womenwagepeace.org.il\/en\/wp-content\/uploads\/WWP-representatives-in-the-French-Parliament-Nov-2017-350x193.jpg 350w, https:\/\/www.womenwagepeace.org.il\/en\/wp-content\/uploads\/WWP-representatives-in-the-French-Parliament-Nov-2017-768x422.jpg 768w\" sizes=\"(max-width: 960px) 100vw, 960px\" \/><figcaption id=\"caption-attachment-7406\" class=\"wp-caption-text\">WWP representatives in the French Parliament Nov 2017 (Dina Ben-Yakir, Marie Lyne Smadja, Amal Rihan)<\/figcaption><\/figure>\n","protected":false},"excerpt":{"rendered":"<p>&nbsp; \u00a0Il y a 22 ans, Itzhak Rabin, Par Myriam Edery Le 08\/11\/2017 \u00e0 09h00\u00a0Rubrique Communaut\u00e9 Marie-Lyne Smadja,\u00a0 entretien a Bernard Abouaf,\u00a0 Radio Shalom le 10.11.17 sur WWP \u00e0 Paris Pr\u00e9sentation de WWP \u00e0 la soir\u00e9e de Comm\u00e9moration de Rabin Z&#8221;L, audition a l&#8217;Assembl\u00e9e Nationale et au Senat. Emission &#8220;FEMMES PLURIELLES&#8221; sur JUDA\u00cfQUES FM,\u00a0Sur la\u00a0soir\u00e9e [&hellip;]<\/p>\n","protected":false},"author":3,"featured_media":7405,"comment_status":"open","ping_status":"closed","sticky":false,"template":"","format":"standard","meta":[],"categories":[45],"tags":[],"yoast_head":"<!-- This site is optimized with the Yoast SEO plugin v20.0 - https:\/\/yoast.com\/wordpress\/plugins\/seo\/ -->\n<title>La couverture dans les medias de la visite des repr\u00e9sentants des WWP \u00e0 Paris lors d&#039;une c\u00e9r\u00e9monie comm\u00e9morative pour Yitzhak Rabin, Nov. 2017 - Women Wage Peace<\/title>\n<meta name=\"robots\" content=\"index, follow, max-snippet:-1, max-image-preview:large, max-video-preview:-1\" \/>\n<link rel=\"canonical\" href=\"https:\/\/www.womenwagepeace.org.il\/en\/la-couverture-dans-les-medias-la-visite-des-representants-des-wwp-paris-nov-17\/\" \/>\n<meta property=\"og:locale\" content=\"en_US\" \/>\n<meta property=\"og:type\" content=\"article\" \/>\n<meta property=\"og:title\" content=\"La couverture dans les medias de la visite des repr\u00e9sentants des WWP \u00e0 Paris lors d&#039;une c\u00e9r\u00e9monie comm\u00e9morative pour Yitzhak Rabin, Nov. 2017 - Women Wage Peace\" \/>\n<meta property=\"og:description\" content=\"&nbsp; \u00a0Il y a 22 ans, Itzhak Rabin, Par Myriam Edery Le 08\/11\/2017 \u00e0 09h00\u00a0Rubrique Communaut\u00e9 Marie-Lyne Smadja,\u00a0 entretien a Bernard Abouaf,\u00a0 Radio Shalom le 10.11.17 sur WWP \u00e0 Paris Pr\u00e9sentation de WWP \u00e0 la soir\u00e9e de Comm\u00e9moration de Rabin Z&#8221;L, audition a l&#8217;Assembl\u00e9e Nationale et au Senat. Emission &#8220;FEMMES PLURIELLES&#8221; sur JUDA\u00cfQUES FM,\u00a0Sur la\u00a0soir\u00e9e [&hellip;]\" \/>\n<meta property=\"og:url\" content=\"https:\/\/www.womenwagepeace.org.il\/en\/la-couverture-dans-les-medias-la-visite-des-representants-des-wwp-paris-nov-17\/\" \/>\n<meta property=\"og:site_name\" content=\"Women Wage Peace\" \/>\n<meta property=\"article:publisher\" content=\"https:\/\/www.facebook.com\/womenwagepeaceenglish\/\" \/>\n<meta property=\"article:published_time\" content=\"2017-11-15T15:40:52+00:00\" \/>\n<meta property=\"article:modified_time\" content=\"2022-08-24T10:51:32+00:00\" \/>\n<meta property=\"og:image\" content=\"https:\/\/www.womenwagepeace.org.il\/en\/wp-content\/uploads\/Marilyne-Smadja-Amal-Rihan-Huda-Abu-Arqub-in-Paris-Nov-2017.jpg\" \/>\n\t<meta property=\"og:image:width\" content=\"960\" \/>\n\t<meta property=\"og:image:height\" content=\"540\" \/>\n\t<meta property=\"og:image:type\" content=\"image\/jpeg\" \/>\n<meta name=\"author\" content=\"womenwagepeace\" \/>\n<meta name=\"twitter:card\" content=\"summary_large_image\" \/>\n<meta name=\"twitter:creator\" content=\"@WomenWagePeace\" \/>\n<meta name=\"twitter:site\" content=\"@WomenWagePeace\" \/>\n<meta name=\"twitter:label1\" content=\"Written by\" \/>\n\t<meta name=\"twitter:data1\" content=\"womenwagepeace\" \/>\n\t<meta name=\"twitter:label2\" content=\"Est. reading time\" \/>\n\t<meta name=\"twitter:data2\" content=\"1 minute\" \/>\n<script type=\"application\/ld+json\" class=\"yoast-schema-graph\">{\"@context\":\"https:\/\/schema.org\",\"@graph\":[{\"@type\":\"Article\",\"@id\":\"https:\/\/www.womenwagepeace.org.il\/en\/la-couverture-dans-les-medias-la-visite-des-representants-des-wwp-paris-nov-17\/#article\",\"isPartOf\":{\"@id\":\"https:\/\/www.womenwagepeace.org.il\/en\/la-couverture-dans-les-medias-la-visite-des-representants-des-wwp-paris-nov-17\/\"},\"author\":{\"name\":\"womenwagepeace\",\"@id\":\"https:\/\/www.womenwagepeace.org.il\/en\/#\/schema\/person\/66106f4f1421a7fc87ecdc1d7d3c7411\"},\"headline\":\"La couverture dans les medias de la visite des repr\u00e9sentants des WWP \u00e0 Paris lors d&#8217;une c\u00e9r\u00e9monie comm\u00e9morative pour Yitzhak Rabin, Nov. 2017\",\"datePublished\":\"2017-11-15T15:40:52+00:00\",\"dateModified\":\"2022-08-24T10:51:32+00:00\",\"mainEntityOfPage\":{\"@id\":\"https:\/\/www.womenwagepeace.org.il\/en\/la-couverture-dans-les-medias-la-visite-des-representants-des-wwp-paris-nov-17\/\"},\"wordCount\":153,\"commentCount\":0,\"publisher\":{\"@id\":\"https:\/\/www.womenwagepeace.org.il\/en\/#organization\"},\"articleSection\":[\"Around the world\"],\"inLanguage\":\"en\",\"potentialAction\":[{\"@type\":\"CommentAction\",\"name\":\"Comment\",\"target\":[\"https:\/\/www.womenwagepeace.org.il\/en\/la-couverture-dans-les-medias-la-visite-des-representants-des-wwp-paris-nov-17\/#respond\"]}]},{\"@type\":\"WebPage\",\"@id\":\"https:\/\/www.womenwagepeace.org.il\/en\/la-couverture-dans-les-medias-la-visite-des-representants-des-wwp-paris-nov-17\/\",\"url\":\"https:\/\/www.womenwagepeace.org.il\/en\/la-couverture-dans-les-medias-la-visite-des-representants-des-wwp-paris-nov-17\/\",\"name\":\"La couverture dans les medias de la visite des repr\u00e9sentants des WWP \u00e0 Paris lors d'une c\u00e9r\u00e9monie comm\u00e9morative pour Yitzhak Rabin, Nov. 2017 - Women Wage Peace\",\"isPartOf\":{\"@id\":\"https:\/\/www.womenwagepeace.org.il\/en\/#website\"},\"datePublished\":\"2017-11-15T15:40:52+00:00\",\"dateModified\":\"2022-08-24T10:51:32+00:00\",\"breadcrumb\":{\"@id\":\"https:\/\/www.womenwagepeace.org.il\/en\/la-couverture-dans-les-medias-la-visite-des-representants-des-wwp-paris-nov-17\/#breadcrumb\"},\"inLanguage\":\"en\",\"potentialAction\":[{\"@type\":\"ReadAction\",\"target\":[\"https:\/\/www.womenwagepeace.org.il\/en\/la-couverture-dans-les-medias-la-visite-des-representants-des-wwp-paris-nov-17\/\"]}]},{\"@type\":\"BreadcrumbList\",\"@id\":\"https:\/\/www.womenwagepeace.org.il\/en\/la-couverture-dans-les-medias-la-visite-des-representants-des-wwp-paris-nov-17\/#breadcrumb\",\"itemListElement\":[{\"@type\":\"ListItem\",\"position\":1,\"name\":\"Home\",\"item\":\"https:\/\/www.womenwagepeace.org.il\/en\/\"},{\"@type\":\"ListItem\",\"position\":2,\"name\":\"La couverture dans les medias de la visite des repr\u00e9sentants des WWP \u00e0 Paris lors d&#8217;une c\u00e9r\u00e9monie comm\u00e9morative pour Yitzhak Rabin, Nov. 2017\"}]},{\"@type\":\"WebSite\",\"@id\":\"https:\/\/www.womenwagepeace.org.il\/en\/#website\",\"url\":\"https:\/\/www.womenwagepeace.org.il\/en\/\",\"name\":\"Women Wage Peace\",\"description\":\"English website\",\"publisher\":{\"@id\":\"https:\/\/www.womenwagepeace.org.il\/en\/#organization\"},\"potentialAction\":[{\"@type\":\"SearchAction\",\"target\":{\"@type\":\"EntryPoint\",\"urlTemplate\":\"https:\/\/www.womenwagepeace.org.il\/en\/?s={search_term_string}\"},\"query-input\":\"required name=search_term_string\"}],\"inLanguage\":\"en\"},{\"@type\":\"Organization\",\"@id\":\"https:\/\/www.womenwagepeace.org.il\/en\/#organization\",\"name\":\"Women Wage Peace\",\"url\":\"https:\/\/www.womenwagepeace.org.il\/en\/\",\"logo\":{\"@type\":\"ImageObject\",\"inLanguage\":\"en\",\"@id\":\"https:\/\/www.womenwagepeace.org.il\/en\/#\/schema\/logo\/image\/\",\"url\":\"https:\/\/www.womenwagepeace.org.il\/en\/wp-content\/uploads\/logo.png\",\"contentUrl\":\"https:\/\/www.womenwagepeace.org.il\/en\/wp-content\/uploads\/logo.png\",\"width\":242,\"height\":108,\"caption\":\"Women Wage Peace\"},\"image\":{\"@id\":\"https:\/\/www.womenwagepeace.org.il\/en\/#\/schema\/logo\/image\/\"},\"sameAs\":[\"https:\/\/www.facebook.com\/womenwagepeaceenglish\/\",\"https:\/\/twitter.com\/WomenWagePeace\"]},{\"@type\":\"Person\",\"@id\":\"https:\/\/www.womenwagepeace.org.il\/en\/#\/schema\/person\/66106f4f1421a7fc87ecdc1d7d3c7411\",\"name\":\"womenwagepeace\",\"url\":\"https:\/\/www.womenwagepeace.org.il\/en\/author\/womenwagepeace\/\"}]}<\/script>\n<!-- \/ Yoast SEO plugin. -->","yoast_head_json":{"title":"La couverture dans les medias de la visite des repr\u00e9sentants des WWP \u00e0 Paris lors d'une c\u00e9r\u00e9monie comm\u00e9morative pour Yitzhak Rabin, Nov. 2017 - Women Wage Peace","robots":{"index":"index","follow":"follow","max-snippet":"max-snippet:-1","max-image-preview":"max-image-preview:large","max-video-preview":"max-video-preview:-1"},"canonical":"https:\/\/www.womenwagepeace.org.il\/en\/la-couverture-dans-les-medias-la-visite-des-representants-des-wwp-paris-nov-17\/","og_locale":"en_US","og_type":"article","og_title":"La couverture dans les medias de la visite des repr\u00e9sentants des WWP \u00e0 Paris lors d'une c\u00e9r\u00e9monie comm\u00e9morative pour Yitzhak Rabin, Nov. 2017 - Women Wage Peace","og_description":"&nbsp; \u00a0Il y a 22 ans, Itzhak Rabin, Par Myriam Edery Le 08\/11\/2017 \u00e0 09h00\u00a0Rubrique Communaut\u00e9 Marie-Lyne Smadja,\u00a0 entretien a Bernard Abouaf,\u00a0 Radio Shalom le 10.11.17 sur WWP \u00e0 Paris Pr\u00e9sentation de WWP \u00e0 la soir\u00e9e de Comm\u00e9moration de Rabin Z&#8221;L, audition a l&#8217;Assembl\u00e9e Nationale et au Senat. Emission &#8220;FEMMES PLURIELLES&#8221; sur JUDA\u00cfQUES FM,\u00a0Sur la\u00a0soir\u00e9e [&hellip;]","og_url":"https:\/\/www.womenwagepeace.org.il\/en\/la-couverture-dans-les-medias-la-visite-des-representants-des-wwp-paris-nov-17\/","og_site_name":"Women Wage Peace","article_publisher":"https:\/\/www.facebook.com\/womenwagepeaceenglish\/","article_published_time":"2017-11-15T15:40:52+00:00","article_modified_time":"2022-08-24T10:51:32+00:00","og_image":[{"width":960,"height":540,"url":"https:\/\/www.womenwagepeace.org.il\/en\/wp-content\/uploads\/Marilyne-Smadja-Amal-Rihan-Huda-Abu-Arqub-in-Paris-Nov-2017.jpg","type":"image\/jpeg"}],"author":"womenwagepeace","twitter_card":"summary_large_image","twitter_creator":"@WomenWagePeace","twitter_site":"@WomenWagePeace","twitter_misc":{"Written by":"womenwagepeace","Est. reading time":"1 minute"},"schema":{"@context":"https:\/\/schema.org","@graph":[{"@type":"Article","@id":"https:\/\/www.womenwagepeace.org.il\/en\/la-couverture-dans-les-medias-la-visite-des-representants-des-wwp-paris-nov-17\/#article","isPartOf":{"@id":"https:\/\/www.womenwagepeace.org.il\/en\/la-couverture-dans-les-medias-la-visite-des-representants-des-wwp-paris-nov-17\/"},"author":{"name":"womenwagepeace","@id":"https:\/\/www.womenwagepeace.org.il\/en\/#\/schema\/person\/66106f4f1421a7fc87ecdc1d7d3c7411"},"headline":"La couverture dans les medias de la visite des repr\u00e9sentants des WWP \u00e0 Paris lors d&#8217;une c\u00e9r\u00e9monie comm\u00e9morative pour Yitzhak Rabin, Nov. 2017","datePublished":"2017-11-15T15:40:52+00:00","dateModified":"2022-08-24T10:51:32+00:00","mainEntityOfPage":{"@id":"https:\/\/www.womenwagepeace.org.il\/en\/la-couverture-dans-les-medias-la-visite-des-representants-des-wwp-paris-nov-17\/"},"wordCount":153,"commentCount":0,"publisher":{"@id":"https:\/\/www.womenwagepeace.org.il\/en\/#organization"},"articleSection":["Around the world"],"inLanguage":"en","potentialAction":[{"@type":"CommentAction","name":"Comment","target":["https:\/\/www.womenwagepeace.org.il\/en\/la-couverture-dans-les-medias-la-visite-des-representants-des-wwp-paris-nov-17\/#respond"]}]},{"@type":"WebPage","@id":"https:\/\/www.womenwagepeace.org.il\/en\/la-couverture-dans-les-medias-la-visite-des-representants-des-wwp-paris-nov-17\/","url":"https:\/\/www.womenwagepeace.org.il\/en\/la-couverture-dans-les-medias-la-visite-des-representants-des-wwp-paris-nov-17\/","name":"La couverture dans les medias de la visite des repr\u00e9sentants des WWP \u00e0 Paris lors d'une c\u00e9r\u00e9monie comm\u00e9morative pour Yitzhak Rabin, Nov. 2017 - Women Wage Peace","isPartOf":{"@id":"https:\/\/www.womenwagepeace.org.il\/en\/#website"},"datePublished":"2017-11-15T15:40:52+00:00","dateModified":"2022-08-24T10:51:32+00:00","breadcrumb":{"@id":"https:\/\/www.womenwagepeace.org.il\/en\/la-couverture-dans-les-medias-la-visite-des-representants-des-wwp-paris-nov-17\/#breadcrumb"},"inLanguage":"en","potentialAction":[{"@type":"ReadAction","target":["https:\/\/www.womenwagepeace.org.il\/en\/la-couverture-dans-les-medias-la-visite-des-representants-des-wwp-paris-nov-17\/"]}]},{"@type":"BreadcrumbList","@id":"https:\/\/www.womenwagepeace.org.il\/en\/la-couverture-dans-les-medias-la-visite-des-representants-des-wwp-paris-nov-17\/#breadcrumb","itemListElement":[{"@type":"ListItem","position":1,"name":"Home","item":"https:\/\/www.womenwagepeace.org.il\/en\/"},{"@type":"ListItem","position":2,"name":"La couverture dans les medias de la visite des repr\u00e9sentants des WWP \u00e0 Paris lors d&#8217;une c\u00e9r\u00e9monie comm\u00e9morative pour Yitzhak Rabin, Nov. 2017"}]},{"@type":"WebSite","@id":"https:\/\/www.womenwagepeace.org.il\/en\/#website","url":"https:\/\/www.womenwagepeace.org.il\/en\/","name":"Women Wage Peace","description":"English website","publisher":{"@id":"https:\/\/www.womenwagepeace.org.il\/en\/#organization"},"potentialAction":[{"@type":"SearchAction","target":{"@type":"EntryPoint","urlTemplate":"https:\/\/www.womenwagepeace.org.il\/en\/?s={search_term_string}"},"query-input":"required name=search_term_string"}],"inLanguage":"en"},{"@type":"Organization","@id":"https:\/\/www.womenwagepeace.org.il\/en\/#organization","name":"Women Wage Peace","url":"https:\/\/www.womenwagepeace.org.il\/en\/","logo":{"@type":"ImageObject","inLanguage":"en","@id":"https:\/\/www.womenwagepeace.org.il\/en\/#\/schema\/logo\/image\/","url":"https:\/\/www.womenwagepeace.org.il\/en\/wp-content\/uploads\/logo.png","contentUrl":"https:\/\/www.womenwagepeace.org.il\/en\/wp-content\/uploads\/logo.png","width":242,"height":108,"caption":"Women Wage Peace"},"image":{"@id":"https:\/\/www.womenwagepeace.org.il\/en\/#\/schema\/logo\/image\/"},"sameAs":["https:\/\/www.facebook.com\/womenwagepeaceenglish\/","https:\/\/twitter.com\/WomenWagePeace"]},{"@type":"Person","@id":"https:\/\/www.womenwagepeace.org.il\/en\/#\/schema\/person\/66106f4f1421a7fc87ecdc1d7d3c7411","name":"womenwagepeace","url":"https:\/\/www.womenwagepeace.org.il\/en\/author\/womenwagepeace\/"}]}},"_links":{"self":[{"href":"https:\/\/www.womenwagepeace.org.il\/en\/wp-json\/wp\/v2\/posts\/7404"}],"collection":[{"href":"https:\/\/www.womenwagepeace.org.il\/en\/wp-json\/wp\/v2\/posts"}],"about":[{"href":"https:\/\/www.womenwagepeace.org.il\/en\/wp-json\/wp\/v2\/types\/post"}],"author":[{"embeddable":true,"href":"https:\/\/www.womenwagepeace.org.il\/en\/wp-json\/wp\/v2\/users\/3"}],"replies":[{"embeddable":true,"href":"https:\/\/www.womenwagepeace.org.il\/en\/wp-json\/wp\/v2\/comments?post=7404"}],"version-history":[{"count":1,"href":"https:\/\/www.womenwagepeace.org.il\/en\/wp-json\/wp\/v2\/posts\/7404\/revisions"}],"predecessor-version":[{"id":10341,"href":"https:\/\/www.womenwagepeace.org.il\/en\/wp-json\/wp\/v2\/posts\/7404\/revisions\/10341"}],"wp:featuredmedia":[{"embeddable":true,"href":"https:\/\/www.womenwagepeace.org.il\/en\/wp-json\/wp\/v2\/media\/7405"}],"wp:attachment":[{"href":"https:\/\/www.womenwagepeace.org.il\/en\/wp-json\/wp\/v2\/media?parent=7404"}],"wp:term":[{"taxonomy":"category","embeddable":true,"href":"https:\/\/www.womenwagepeace.org.il\/en\/wp-json\/wp\/v2\/categories?post=7404"},{"taxonomy":"post_tag","embeddable":true,"href":"https:\/\/www.womenwagepeace.org.il\/en\/wp-json\/wp\/v2\/tags?post=7404"}],"curies":[{"name":"wp","href":"https:\/\/api.w.org\/{rel}","templated":true}]}}