{"id":6917,"date":"2017-08-20T18:55:14","date_gmt":"2017-08-20T18:55:14","guid":{"rendered":"http:\/\/womenwagepeace.org.il\/en\/?p=6917"},"modified":"2022-08-24T10:51:36","modified_gmt":"2022-08-24T10:51:36","slug":"pascale-chen-et-les-femmes-pour-la-paix-marianne-magazine-4-8-17","status":"publish","type":"post","link":"https:\/\/www.womenwagepeace.org.il\/en\/pascale-chen-et-les-femmes-pour-la-paix-marianne-magazine-4-8-17\/","title":{"rendered":"Pascale Chen et les Femmes Pour la Paix, Marianne magazine,  4.8.17"},"content":{"rendered":"<p><span style=\"color: #000080;\">Publi\u00e9 par, Marianne magazine \/ \u00a0<strong>Cet \u00e9t\u00e9<\/strong>, 4 August 2017<\/span><\/p>\n<p style=\"text-align: justify;\"><strong>Q<\/strong>uand son fils,\u00a0 comme tous les jeunes Isra\u00e9liens, a re\u00e7u sa premi\u00e8re convocation pour l\u2019arm\u00e9e, Pascale Chen a d\u00e9cid\u00e9 d\u2019agir. C\u2019\u00e9tait la guerre de Gaza, \u00e0 l\u2019\u00e9t\u00e9 2014. \u00ab\u00a0L\u2019angoisse\u00a0montait,\u00a0il\u00a0fallait\u00a0 que\u00a0je\u00a0fasse\u00a0quelque\u00a0chose\u00a0 pour\u00a0ne\u00a0pas\u00a0sombrer\u00a0dans\u00a0 le\u00a0d\u00e9sespoir.\u00a0Le\u00a0pacifisme\u00a0 de\u00a0gauche\u00a0en\u00a0Isra\u00ebl\u00a0s\u2019\u00e9tait\u00a0 compl\u00e8tement\u00a0essouffl\u00e9,\u00a0\u00a0 il\u00a0fallait lancer\u00a0une\u00a0initiative\u00a0 moins\u00a0id\u00e9ologique\u00a0\u00a0 et\u00a0plus\u00a0pragmatique\u00a0\u00bb,\u00a0\u00a0 se souvient cette m\u00e8re de famille d\u2019origine fran\u00e7aise, fondatrice du mouvement Nashim Ossot Shalom, \u00ab Les Femmes font la paix \u00bb. Une organisation hors norme qui rassemble des Isra\u00e9liennes, juives et arabes.<\/p>\n<p style=\"text-align: justify;\">Avec un succ\u00e8s impressionnant : \u00e0 l\u2019automne 2016, des milliers de femmes de toutes confessions, v\u00eatues de blanc, d\u00e9filent devant la r\u00e9sidence de Benyamin Netanyahou. Sur leurs banderoles, un slogan : \u00ab Nous donnons la vie ! Donnez-nous la paix ! \u00bb Les marches se succ\u00e8dent en Isra\u00ebl puis en Cisjordanie. Le 19 octobre 2016, pr\u00e8s de J\u00e9richo, sur les bords du Jourdain, les Isra\u00e9liennes rencontrent pour la premi\u00e8re fois 1 000 Palestiniennes. L\u2019Autorit\u00e9 de Mahmoud Abbas soutient discr\u00e8tement l\u2019initiative. \u00ab\u00a0Nous\u00a0\u00e9tions\u00a0 en\u00a0blanc\u00a0et\u00a0turquoise,\u00a0nos\u00a0 couleurs,\u00a0elles\u00a0en\u00a0costumes\u00a0 traditionnels\u00a0\u00a0\u00a0\u00a0\u00a0\u00a0 palestiniens.\u00a0 Et\u00a0une\u00a0rivi\u00e8re\u00a0de\u00a0femmes\u00a0 est\u00a0descendue\u00a0vers\u00a0le\u00a0 fleuve\u2026\u00a0\u00bb<\/p>\n<p style=\"text-align: justify;\">Pascale Chen et son r\u00e9seau s\u2019appuient au d\u00e9part sur la r\u00e9solution 1325 de l\u2019ONU qui met en valeur le r\u00f4le jou\u00e9 par les femmes dans les processus de paix partout dans le monde. Les militantes ne s\u2019inscrivent pas dans un projet politique, ce qui les couperait d\u2019une partie ou d\u2019une autre de l\u2019opinion. \u00ab\u00a0La\u00a0majorit\u00e9\u00a0des\u00a0 gens,\u00a0qu\u2019ils\u00a0soient\u00a0de\u00a0droite\u00a0 ou\u00a0de\u00a0gauche,\u00a0en\u00a0Isra\u00ebl,\u00a0 veulent\u00a0la\u00a0paix.\u00a0Nous\u00a0ne\u00a0militons\u00a0pas\u00a0pour\u00a0tel\u00a0\u00a0ou\u00a0tel\u00a0accord\u00a0mais\u00a0pour\u00a0que\u00a0 nos\u00a0dirigeants\u00a0s\u2019engagent\u00a0\u00a0 \u00e0\u00a0rechercher\u00a0une\u00a0solution\u00a0\u00a0 qui\u00a0mette\u00a0fin\u00a0au\u00a0conflit.\u00a0\u00a0 Ce\u00a0qui\u00a0nous\u00a0lie,\u00a0c\u2019est\u00a0un\u00a0destin\u00a0\u00a0\u00a0\u00a0\u00a0\u00a0 commun\u00a0et\u00a0\u00a0 le\u00a0m\u00eame\u00a0d\u00e9sir\u00a0de\u00a0pr\u00e9parer\u00a0 un\u00a0avenir\u00a0pour\u00a0nos\u00a0enfants\u00a0 et\u00a0nos\u00a0petits-enfants.\u00a0\u00bb\u00a0\u00a0 Trois ans apr\u00e8s le lancement du mouvement, elles sont d\u00e9j\u00e0 plus de 20 000.<\/p>\n<p>[pdf-embedder url=&#8221;https:\/\/www.womenwagepeace.org.il\/en-new\/wp-content\/uploads\/1063-ETE-Insoumis-Israel-Marianne-aout2017.pdf&#8221; title=&#8221;1063-ETE-Insoumis Israel-Marianne-aout2017&#8243;]<\/p>\n","protected":false},"excerpt":{"rendered":"<p>Publi\u00e9 par, Marianne magazine \/ \u00a0Cet \u00e9t\u00e9, 4 August 2017 Quand son fils,\u00a0 comme tous les jeunes Isra\u00e9liens, a re\u00e7u sa premi\u00e8re convocation pour l\u2019arm\u00e9e, Pascale Chen a d\u00e9cid\u00e9 d\u2019agir. C\u2019\u00e9tait la guerre de Gaza, \u00e0 l\u2019\u00e9t\u00e9 2014. \u00ab\u00a0L\u2019angoisse\u00a0montait,\u00a0il\u00a0fallait\u00a0 que\u00a0je\u00a0fasse\u00a0quelque\u00a0chose\u00a0 pour\u00a0ne\u00a0pas\u00a0sombrer\u00a0dans\u00a0 le\u00a0d\u00e9sespoir.\u00a0Le\u00a0pacifisme\u00a0 de\u00a0gauche\u00a0en\u00a0Isra\u00ebl\u00a0s\u2019\u00e9tait\u00a0 compl\u00e8tement\u00a0essouffl\u00e9,\u00a0\u00a0 il\u00a0fallait lancer\u00a0une\u00a0initiative\u00a0 moins\u00a0id\u00e9ologique\u00a0\u00a0 et\u00a0plus\u00a0pragmatique\u00a0\u00bb,\u00a0\u00a0 se souvient cette m\u00e8re de famille d\u2019origine [&hellip;]<\/p>\n","protected":false},"author":3,"featured_media":6922,"comment_status":"open","ping_status":"closed","sticky":false,"template":"","format":"standard","meta":[],"categories":[37,38,29],"tags":[],"yoast_head":"<!-- This site is optimized with the Yoast SEO plugin v20.0 - https:\/\/yoast.com\/wordpress\/plugins\/seo\/ -->\n<title>Pascale Chen et les Femmes Pour la Paix, Marianne magazine, 4.8.17 - Women Wage Peace<\/title>\n<meta name=\"robots\" content=\"index, follow, max-snippet:-1, max-image-preview:large, max-video-preview:-1\" \/>\n<link rel=\"canonical\" href=\"https:\/\/www.womenwagepeace.org.il\/en\/pascale-chen-et-les-femmes-pour-la-paix-marianne-magazine-4-8-17\/\" \/>\n<meta property=\"og:locale\" content=\"en_US\" \/>\n<meta property=\"og:type\" content=\"article\" \/>\n<meta property=\"og:title\" content=\"Pascale Chen et les Femmes Pour la Paix, Marianne magazine, 4.8.17 - Women Wage Peace\" \/>\n<meta property=\"og:description\" content=\"Publi\u00e9 par, Marianne magazine \/ \u00a0Cet \u00e9t\u00e9, 4 August 2017 Quand son fils,\u00a0 comme tous les jeunes Isra\u00e9liens, a re\u00e7u sa premi\u00e8re convocation pour l\u2019arm\u00e9e, Pascale Chen a d\u00e9cid\u00e9 d\u2019agir. C\u2019\u00e9tait la guerre de Gaza, \u00e0 l\u2019\u00e9t\u00e9 2014. \u00ab\u00a0L\u2019angoisse\u00a0montait,\u00a0il\u00a0fallait\u00a0 que\u00a0je\u00a0fasse\u00a0quelque\u00a0chose\u00a0 pour\u00a0ne\u00a0pas\u00a0sombrer\u00a0dans\u00a0 le\u00a0d\u00e9sespoir.\u00a0Le\u00a0pacifisme\u00a0 de\u00a0gauche\u00a0en\u00a0Isra\u00ebl\u00a0s\u2019\u00e9tait\u00a0 compl\u00e8tement\u00a0essouffl\u00e9,\u00a0\u00a0 il\u00a0fallait lancer\u00a0une\u00a0initiative\u00a0 moins\u00a0id\u00e9ologique\u00a0\u00a0 et\u00a0plus\u00a0pragmatique\u00a0\u00bb,\u00a0\u00a0 se souvient cette m\u00e8re de famille d\u2019origine [&hellip;]\" \/>\n<meta property=\"og:url\" content=\"https:\/\/www.womenwagepeace.org.il\/en\/pascale-chen-et-les-femmes-pour-la-paix-marianne-magazine-4-8-17\/\" \/>\n<meta property=\"og:site_name\" content=\"Women Wage Peace\" \/>\n<meta property=\"article:publisher\" content=\"https:\/\/www.facebook.com\/womenwagepeaceenglish\/\" \/>\n<meta property=\"article:published_time\" content=\"2017-08-20T18:55:14+00:00\" \/>\n<meta property=\"article:modified_time\" content=\"2022-08-24T10:51:36+00:00\" \/>\n<meta property=\"og:image\" content=\"https:\/\/www.womenwagepeace.org.il\/en\/wp-content\/uploads\/pascale-chen.png\" \/>\n\t<meta property=\"og:image:width\" content=\"320\" \/>\n\t<meta property=\"og:image:height\" content=\"320\" \/>\n\t<meta property=\"og:image:type\" content=\"image\/png\" \/>\n<meta name=\"author\" content=\"womenwagepeace\" \/>\n<meta name=\"twitter:card\" content=\"summary_large_image\" \/>\n<meta name=\"twitter:creator\" content=\"@WomenWagePeace\" \/>\n<meta name=\"twitter:site\" content=\"@WomenWagePeace\" \/>\n<meta name=\"twitter:label1\" content=\"Written by\" \/>\n\t<meta name=\"twitter:data1\" content=\"womenwagepeace\" \/>\n\t<meta name=\"twitter:label2\" content=\"Est. reading time\" \/>\n\t<meta name=\"twitter:data2\" content=\"2 minutes\" \/>\n<script type=\"application\/ld+json\" class=\"yoast-schema-graph\">{\"@context\":\"https:\/\/schema.org\",\"@graph\":[{\"@type\":\"Article\",\"@id\":\"https:\/\/www.womenwagepeace.org.il\/en\/pascale-chen-et-les-femmes-pour-la-paix-marianne-magazine-4-8-17\/#article\",\"isPartOf\":{\"@id\":\"https:\/\/www.womenwagepeace.org.il\/en\/pascale-chen-et-les-femmes-pour-la-paix-marianne-magazine-4-8-17\/\"},\"author\":{\"name\":\"womenwagepeace\",\"@id\":\"https:\/\/www.womenwagepeace.org.il\/en\/#\/schema\/person\/66106f4f1421a7fc87ecdc1d7d3c7411\"},\"headline\":\"Pascale Chen et les Femmes Pour la Paix, Marianne magazine, 4.8.17\",\"datePublished\":\"2017-08-20T18:55:14+00:00\",\"dateModified\":\"2022-08-24T10:51:36+00:00\",\"mainEntityOfPage\":{\"@id\":\"https:\/\/www.womenwagepeace.org.il\/en\/pascale-chen-et-les-femmes-pour-la-paix-marianne-magazine-4-8-17\/\"},\"wordCount\":392,\"commentCount\":0,\"publisher\":{\"@id\":\"https:\/\/www.womenwagepeace.org.il\/en\/#organization\"},\"articleSection\":[\"Francais\",\"WWP dans les medias\",\"WWP write: On Political agreement, women's power etc.\"],\"inLanguage\":\"en\",\"potentialAction\":[{\"@type\":\"CommentAction\",\"name\":\"Comment\",\"target\":[\"https:\/\/www.womenwagepeace.org.il\/en\/pascale-chen-et-les-femmes-pour-la-paix-marianne-magazine-4-8-17\/#respond\"]}]},{\"@type\":\"WebPage\",\"@id\":\"https:\/\/www.womenwagepeace.org.il\/en\/pascale-chen-et-les-femmes-pour-la-paix-marianne-magazine-4-8-17\/\",\"url\":\"https:\/\/www.womenwagepeace.org.il\/en\/pascale-chen-et-les-femmes-pour-la-paix-marianne-magazine-4-8-17\/\",\"name\":\"Pascale Chen et les Femmes Pour la Paix, Marianne magazine, 4.8.17 - Women Wage Peace\",\"isPartOf\":{\"@id\":\"https:\/\/www.womenwagepeace.org.il\/en\/#website\"},\"datePublished\":\"2017-08-20T18:55:14+00:00\",\"dateModified\":\"2022-08-24T10:51:36+00:00\",\"breadcrumb\":{\"@id\":\"https:\/\/www.womenwagepeace.org.il\/en\/pascale-chen-et-les-femmes-pour-la-paix-marianne-magazine-4-8-17\/#breadcrumb\"},\"inLanguage\":\"en\",\"potentialAction\":[{\"@type\":\"ReadAction\",\"target\":[\"https:\/\/www.womenwagepeace.org.il\/en\/pascale-chen-et-les-femmes-pour-la-paix-marianne-magazine-4-8-17\/\"]}]},{\"@type\":\"BreadcrumbList\",\"@id\":\"https:\/\/www.womenwagepeace.org.il\/en\/pascale-chen-et-les-femmes-pour-la-paix-marianne-magazine-4-8-17\/#breadcrumb\",\"itemListElement\":[{\"@type\":\"ListItem\",\"position\":1,\"name\":\"Home\",\"item\":\"https:\/\/www.womenwagepeace.org.il\/en\/\"},{\"@type\":\"ListItem\",\"position\":2,\"name\":\"Pascale Chen et les Femmes Pour la Paix, Marianne magazine, 4.8.17\"}]},{\"@type\":\"WebSite\",\"@id\":\"https:\/\/www.womenwagepeace.org.il\/en\/#website\",\"url\":\"https:\/\/www.womenwagepeace.org.il\/en\/\",\"name\":\"Women Wage Peace\",\"description\":\"English website\",\"publisher\":{\"@id\":\"https:\/\/www.womenwagepeace.org.il\/en\/#organization\"},\"potentialAction\":[{\"@type\":\"SearchAction\",\"target\":{\"@type\":\"EntryPoint\",\"urlTemplate\":\"https:\/\/www.womenwagepeace.org.il\/en\/?s={search_term_string}\"},\"query-input\":\"required name=search_term_string\"}],\"inLanguage\":\"en\"},{\"@type\":\"Organization\",\"@id\":\"https:\/\/www.womenwagepeace.org.il\/en\/#organization\",\"name\":\"Women Wage Peace\",\"url\":\"https:\/\/www.womenwagepeace.org.il\/en\/\",\"logo\":{\"@type\":\"ImageObject\",\"inLanguage\":\"en\",\"@id\":\"https:\/\/www.womenwagepeace.org.il\/en\/#\/schema\/logo\/image\/\",\"url\":\"https:\/\/www.womenwagepeace.org.il\/en\/wp-content\/uploads\/logo.png\",\"contentUrl\":\"https:\/\/www.womenwagepeace.org.il\/en\/wp-content\/uploads\/logo.png\",\"width\":242,\"height\":108,\"caption\":\"Women Wage Peace\"},\"image\":{\"@id\":\"https:\/\/www.womenwagepeace.org.il\/en\/#\/schema\/logo\/image\/\"},\"sameAs\":[\"https:\/\/www.facebook.com\/womenwagepeaceenglish\/\",\"https:\/\/twitter.com\/WomenWagePeace\"]},{\"@type\":\"Person\",\"@id\":\"https:\/\/www.womenwagepeace.org.il\/en\/#\/schema\/person\/66106f4f1421a7fc87ecdc1d7d3c7411\",\"name\":\"womenwagepeace\",\"url\":\"https:\/\/www.womenwagepeace.org.il\/en\/author\/womenwagepeace\/\"}]}<\/script>\n<!-- \/ Yoast SEO plugin. -->","yoast_head_json":{"title":"Pascale Chen et les Femmes Pour la Paix, Marianne magazine, 4.8.17 - Women Wage Peace","robots":{"index":"index","follow":"follow","max-snippet":"max-snippet:-1","max-image-preview":"max-image-preview:large","max-video-preview":"max-video-preview:-1"},"canonical":"https:\/\/www.womenwagepeace.org.il\/en\/pascale-chen-et-les-femmes-pour-la-paix-marianne-magazine-4-8-17\/","og_locale":"en_US","og_type":"article","og_title":"Pascale Chen et les Femmes Pour la Paix, Marianne magazine, 4.8.17 - Women Wage Peace","og_description":"Publi\u00e9 par, Marianne magazine \/ \u00a0Cet \u00e9t\u00e9, 4 August 2017 Quand son fils,\u00a0 comme tous les jeunes Isra\u00e9liens, a re\u00e7u sa premi\u00e8re convocation pour l\u2019arm\u00e9e, Pascale Chen a d\u00e9cid\u00e9 d\u2019agir. C\u2019\u00e9tait la guerre de Gaza, \u00e0 l\u2019\u00e9t\u00e9 2014. \u00ab\u00a0L\u2019angoisse\u00a0montait,\u00a0il\u00a0fallait\u00a0 que\u00a0je\u00a0fasse\u00a0quelque\u00a0chose\u00a0 pour\u00a0ne\u00a0pas\u00a0sombrer\u00a0dans\u00a0 le\u00a0d\u00e9sespoir.\u00a0Le\u00a0pacifisme\u00a0 de\u00a0gauche\u00a0en\u00a0Isra\u00ebl\u00a0s\u2019\u00e9tait\u00a0 compl\u00e8tement\u00a0essouffl\u00e9,\u00a0\u00a0 il\u00a0fallait lancer\u00a0une\u00a0initiative\u00a0 moins\u00a0id\u00e9ologique\u00a0\u00a0 et\u00a0plus\u00a0pragmatique\u00a0\u00bb,\u00a0\u00a0 se souvient cette m\u00e8re de famille d\u2019origine [&hellip;]","og_url":"https:\/\/www.womenwagepeace.org.il\/en\/pascale-chen-et-les-femmes-pour-la-paix-marianne-magazine-4-8-17\/","og_site_name":"Women Wage Peace","article_publisher":"https:\/\/www.facebook.com\/womenwagepeaceenglish\/","article_published_time":"2017-08-20T18:55:14+00:00","article_modified_time":"2022-08-24T10:51:36+00:00","og_image":[{"width":320,"height":320,"url":"https:\/\/www.womenwagepeace.org.il\/en\/wp-content\/uploads\/pascale-chen.png","type":"image\/png"}],"author":"womenwagepeace","twitter_card":"summary_large_image","twitter_creator":"@WomenWagePeace","twitter_site":"@WomenWagePeace","twitter_misc":{"Written by":"womenwagepeace","Est. reading time":"2 minutes"},"schema":{"@context":"https:\/\/schema.org","@graph":[{"@type":"Article","@id":"https:\/\/www.womenwagepeace.org.il\/en\/pascale-chen-et-les-femmes-pour-la-paix-marianne-magazine-4-8-17\/#article","isPartOf":{"@id":"https:\/\/www.womenwagepeace.org.il\/en\/pascale-chen-et-les-femmes-pour-la-paix-marianne-magazine-4-8-17\/"},"author":{"name":"womenwagepeace","@id":"https:\/\/www.womenwagepeace.org.il\/en\/#\/schema\/person\/66106f4f1421a7fc87ecdc1d7d3c7411"},"headline":"Pascale Chen et les Femmes Pour la Paix, Marianne magazine, 4.8.17","datePublished":"2017-08-20T18:55:14+00:00","dateModified":"2022-08-24T10:51:36+00:00","mainEntityOfPage":{"@id":"https:\/\/www.womenwagepeace.org.il\/en\/pascale-chen-et-les-femmes-pour-la-paix-marianne-magazine-4-8-17\/"},"wordCount":392,"commentCount":0,"publisher":{"@id":"https:\/\/www.womenwagepeace.org.il\/en\/#organization"},"articleSection":["Francais","WWP dans les medias","WWP write: On Political agreement, women's power etc."],"inLanguage":"en","potentialAction":[{"@type":"CommentAction","name":"Comment","target":["https:\/\/www.womenwagepeace.org.il\/en\/pascale-chen-et-les-femmes-pour-la-paix-marianne-magazine-4-8-17\/#respond"]}]},{"@type":"WebPage","@id":"https:\/\/www.womenwagepeace.org.il\/en\/pascale-chen-et-les-femmes-pour-la-paix-marianne-magazine-4-8-17\/","url":"https:\/\/www.womenwagepeace.org.il\/en\/pascale-chen-et-les-femmes-pour-la-paix-marianne-magazine-4-8-17\/","name":"Pascale Chen et les Femmes Pour la Paix, Marianne magazine, 4.8.17 - Women Wage Peace","isPartOf":{"@id":"https:\/\/www.womenwagepeace.org.il\/en\/#website"},"datePublished":"2017-08-20T18:55:14+00:00","dateModified":"2022-08-24T10:51:36+00:00","breadcrumb":{"@id":"https:\/\/www.womenwagepeace.org.il\/en\/pascale-chen-et-les-femmes-pour-la-paix-marianne-magazine-4-8-17\/#breadcrumb"},"inLanguage":"en","potentialAction":[{"@type":"ReadAction","target":["https:\/\/www.womenwagepeace.org.il\/en\/pascale-chen-et-les-femmes-pour-la-paix-marianne-magazine-4-8-17\/"]}]},{"@type":"BreadcrumbList","@id":"https:\/\/www.womenwagepeace.org.il\/en\/pascale-chen-et-les-femmes-pour-la-paix-marianne-magazine-4-8-17\/#breadcrumb","itemListElement":[{"@type":"ListItem","position":1,"name":"Home","item":"https:\/\/www.womenwagepeace.org.il\/en\/"},{"@type":"ListItem","position":2,"name":"Pascale Chen et les Femmes Pour la Paix, Marianne magazine, 4.8.17"}]},{"@type":"WebSite","@id":"https:\/\/www.womenwagepeace.org.il\/en\/#website","url":"https:\/\/www.womenwagepeace.org.il\/en\/","name":"Women Wage Peace","description":"English website","publisher":{"@id":"https:\/\/www.womenwagepeace.org.il\/en\/#organization"},"potentialAction":[{"@type":"SearchAction","target":{"@type":"EntryPoint","urlTemplate":"https:\/\/www.womenwagepeace.org.il\/en\/?s={search_term_string}"},"query-input":"required name=search_term_string"}],"inLanguage":"en"},{"@type":"Organization","@id":"https:\/\/www.womenwagepeace.org.il\/en\/#organization","name":"Women Wage Peace","url":"https:\/\/www.womenwagepeace.org.il\/en\/","logo":{"@type":"ImageObject","inLanguage":"en","@id":"https:\/\/www.womenwagepeace.org.il\/en\/#\/schema\/logo\/image\/","url":"https:\/\/www.womenwagepeace.org.il\/en\/wp-content\/uploads\/logo.png","contentUrl":"https:\/\/www.womenwagepeace.org.il\/en\/wp-content\/uploads\/logo.png","width":242,"height":108,"caption":"Women Wage Peace"},"image":{"@id":"https:\/\/www.womenwagepeace.org.il\/en\/#\/schema\/logo\/image\/"},"sameAs":["https:\/\/www.facebook.com\/womenwagepeaceenglish\/","https:\/\/twitter.com\/WomenWagePeace"]},{"@type":"Person","@id":"https:\/\/www.womenwagepeace.org.il\/en\/#\/schema\/person\/66106f4f1421a7fc87ecdc1d7d3c7411","name":"womenwagepeace","url":"https:\/\/www.womenwagepeace.org.il\/en\/author\/womenwagepeace\/"}]}},"_links":{"self":[{"href":"https:\/\/www.womenwagepeace.org.il\/en\/wp-json\/wp\/v2\/posts\/6917"}],"collection":[{"href":"https:\/\/www.womenwagepeace.org.il\/en\/wp-json\/wp\/v2\/posts"}],"about":[{"href":"https:\/\/www.womenwagepeace.org.il\/en\/wp-json\/wp\/v2\/types\/post"}],"author":[{"embeddable":true,"href":"https:\/\/www.womenwagepeace.org.il\/en\/wp-json\/wp\/v2\/users\/3"}],"replies":[{"embeddable":true,"href":"https:\/\/www.womenwagepeace.org.il\/en\/wp-json\/wp\/v2\/comments?post=6917"}],"version-history":[{"count":1,"href":"https:\/\/www.womenwagepeace.org.il\/en\/wp-json\/wp\/v2\/posts\/6917\/revisions"}],"predecessor-version":[{"id":10371,"href":"https:\/\/www.womenwagepeace.org.il\/en\/wp-json\/wp\/v2\/posts\/6917\/revisions\/10371"}],"wp:featuredmedia":[{"embeddable":true,"href":"https:\/\/www.womenwagepeace.org.il\/en\/wp-json\/wp\/v2\/media\/6922"}],"wp:attachment":[{"href":"https:\/\/www.womenwagepeace.org.il\/en\/wp-json\/wp\/v2\/media?parent=6917"}],"wp:term":[{"taxonomy":"category","embeddable":true,"href":"https:\/\/www.womenwagepeace.org.il\/en\/wp-json\/wp\/v2\/categories?post=6917"},{"taxonomy":"post_tag","embeddable":true,"href":"https:\/\/www.womenwagepeace.org.il\/en\/wp-json\/wp\/v2\/tags?post=6917"}],"curies":[{"name":"wp","href":"https:\/\/api.w.org\/{rel}","templated":true}]}}