{"id":6892,"date":"2017-09-18T02:30:42","date_gmt":"2017-09-18T02:30:42","guid":{"rendered":"http:\/\/womenwagepeace.org.il\/en\/?p=6892"},"modified":"2022-08-24T10:51:34","modified_gmt":"2022-08-24T10:51:34","slug":"il-viaggio-della-pace-italian","status":"publish","type":"post","link":"https:\/\/www.womenwagepeace.org.il\/en\/il-viaggio-della-pace-italian\/","title":{"rendered":"La Strada Della Pace 24.9.17-10.10.17"},"content":{"rendered":"<p><img fetchpriority=\"high\" class=\"alignnone wp-image-6989 size-large\" src=\"http:\/\/womenwagepeace.org.il\/en\/wp-content\/uploads\/english-website-banner-1024x321.png\" alt=\"Journey to Peace english website banner\" width=\"680\" height=\"213\" \/><\/p>\n<p><span style=\"color: #00ccff;\"><b>LA STRADA DELLA PACE<\/b><\/span><\/p>\n<p><span style=\"font-weight: 400;\">comincer\u00e0 col nuovo anno ebraico. <\/span><\/p>\n<p><span style=\"font-weight: 400;\">Questo evento far\u00e0 smuovere le cose in tutto il paese!!!<\/span><\/p>\n<p><a href=\"https:\/\/www.mimoona.co.il\/Projects\/4267\"><span style=\"font-weight: 400;\">https:\/\/www.mimoona.co.il\/Projects\/4267<\/span><\/a><\/p>\n<p><span style=\"font-weight: 400;\">Ecco alcuni dettagli dei diversi eventi:<\/span><\/p>\n<p><span style=\"font-weight: 400;\">Il <\/span><span style=\"color: #00ccff;\"><b>24 settembre 2017<\/b><\/span><span style=\"font-weight: 400;\"><span style=\"color: #00ccff;\">,<\/span> con l&#8217;inizio del nuovo anno ebraico, noi, decine di migliaia di donne, uomini, bambini, ebrei e arabi, laici e religiosi, di destra, di centro e di sinistra, percorreremo insieme la via della speranza e della pace a partire dai quattro angoli d&#8217;Israele.<\/span><\/p>\n<p><span style=\"font-weight: 400;\">Faremo udire la nostra voce e la nostra richiesta di raggiungere un accordo politico per una soluzione del conflitto israelo-palestinese, che garantir\u00e0 sicurezza a lungo termine. Chiediamo che le donne prendano parte attiva nella realizzazione di questo accordo.<\/span><\/p>\n<p><span style=\"font-weight: 400;\">S\u00ec, \u00e8 possibile! Sono state gi\u00e0 trovate soluzioni per risolvere altri conflitti in altre parti del mondo. Allo stesso modo anche il lungo conflitto che stiamo vivendo pu\u00f2 e deve essere risolto.<\/span><\/p>\n<p><b>I nostri eventi si svolgeranno ai quattro angoli del paese:<\/b><\/p>\n<p><span style=\"color: #00ccff;\"><b>SUD<\/b><\/span><\/p>\n<p><span style=\"font-weight: 400;\">La cerimonia d&#8217;inaugurazione della Strada della Pace si svolger\u00e0 all&#8217;inizio del nuovo anno ebraico, il<\/span><b> 24 settembre<\/b><span style=\"font-weight: 400;\"> a Sderot la mattina e la sera presso il Kibbutz Tzeelim (ore 19).<\/span><\/p>\n<p><span style=\"font-weight: 400;\">La rotta meridionale degli eventi passer\u00e0 attraverso Sderot, Kissoufim, Zeelim, Yerouham, Rahat, Beer Sheva, Arad, Gush Etzion (vicino Eli) e altre localit\u00e0. L&#8217;evento principale di questa rotta del Sud si svolger\u00e0 a Dimona il <\/span><b>26 settembre<\/b><span style=\"font-weight: 400;\">.<\/span><\/p>\n<p><span style=\"color: #00ccff;\"><b>NORD<\/b><\/span><\/p>\n<p><span style=\"font-weight: 400;\">La rotta settentrionale del percorso passer\u00e0 attraverso Hatzor, Tiberias, Fureidis e altre localit\u00e0. L&#8217;evento principale della rotta settentrionale del percorso si svolger\u00e0 a Nazaret il<\/span><b> 3 ottobre<\/b><span style=\"font-weight: 400;\">.<\/span><\/p>\n<p><span style=\"color: #00ccff;\"><b>OVEST<\/b><\/span><\/p>\n<p><span style=\"font-weight: 400;\">La rotta occidentale de cammino arriver\u00e0 il <\/span><b>6 ottobre<\/b><span style=\"font-weight: 400;\"> a Jaffa dove una sfilata e una riu nione si svolger\u00e0 sotto la direzione del gruppo delle \u00a0giovani donne di WWP.<\/span><\/p>\n<p><span style=\"color: #00ccff;\"><b>EST<\/b><\/span><\/p>\n<p><span style=\"font-weight: 400;\">La giornata dell&#8217;<\/span><b>8 ottobre<\/b><span style=\"font-weight: 400;\"> sar\u00e0 il coronamento della Strada della Pace.<\/span><\/p>\n<p><span style=\"font-weight: 400;\">La mattina ci incontreremo nel villaggio di pace di Agar e Sarah, costruito nella pianura accanto al Mar Morto. Incontreremo migliaia di donne palestinesi. Organizzeremo gruppi di discussione, mostre artistiche e eventi musicali con la partecipazione di artisti di ogni provenienza. <\/span><\/p>\n<p><span style=\"font-weight: 400;\">Lanceremo un solenne appello a tutti i governanti affinch\u00e9 avviino negoziati per un accordo politico.<\/span><\/p>\n<p><span style=\"font-weight: 400;\">Nel pomeriggio arriveremo a Gerusalemme per una marcia e un raduno popolare con la partecipazione di un grande e diversificato pubblico&#8230; aspettiamo decine di migliaia di persone. Proclameremo forte e chiaro:<\/span><\/p>\n<p><b><i>&#8220;S\u00ec, \u00e8 possibile! Non ci fermeremo fino a quando otterremo un accordo di pace!<\/i><\/b><span style=\"font-weight: 400;\">&#8220;<\/span><\/p>\n<p><span style=\"font-weight: 400;\">Il <\/span><b>9<\/b><span style=\"font-weight: 400;\"> e <\/span><b>10 ottobre<\/b><span style=\"font-weight: 400;\">, costruiremo a Gerusalemme una grande &#8220;Capanna della Pace&#8221; (Sukk\u00e0t Shalom) dentro cui si svolgeranno incontri e gruppi di studio.<\/span><\/p>\n<p><span style=\"font-weight: 400;\">Inaugureremo un parlamento femminile (Knesset) che accompagner\u00e0 pi\u00f9 tardi alcune delle azioni del WWP alla Knesset.<\/span><\/p>\n<p><span style=\"font-weight: 400;\">Tutta la Strada della Pace sar\u00e0 accompagnata da un Manifesto congiunto per israeliani e palestinesi che sar\u00e0 co-firmato da numerose donne durante tutto il tragitto. Questo Manifesto sar\u00e0 presentato alla Knesset alla fine della marcia all&#8217;apertura della Sessione Invernale.<\/span><\/p>\n<p><span style=\"font-weight: 400;\">Invier\u00f2 ulteriori dettagli via e-mail o telefono per discutere di questo nuovo entusiasmante evento.<\/span><\/p>\n<p><iframe title=\"\u05de\u05e1\u05e2 \u05d4\u05e9\u05dc\u05d5\u05dd 2017 - \u05d4\u05e6\u05d8\u05e8\u05e4\u05d5 \u05d0\u05dc\u05d9\u05e0\u05d5\" width=\"800\" height=\"450\" src=\"https:\/\/www.youtube.com\/embed\/g5pJcxdhYks?feature=oembed\" frameborder=\"0\" allow=\"accelerometer; autoplay; clipboard-write; encrypted-media; gyroscope; picture-in-picture\" allowfullscreen><\/iframe><\/p>\n<p>&nbsp;<\/p>\n<p><i>Shazarahel-\u00a0<\/i><i>Referente per stampa e media per l&#8217;Italia del Women Wage Peace &#8211;\u00a000972-52-8600926<\/i><\/p>\n<p><a href=\"http:\/\/womenwagepeace.org.il\/en\/a-propos-du-mouvement\/\"><span style=\"font-weight: 400;\">http:\/\/womenwagepeace.org.il\/en\/a-propos-du-mouvement\/<\/span><\/a><\/p>\n<p><a href=\"http:\/\/www.womenwagepeace.org.il\/\"><span style=\"font-weight: 400;\">http:\/\/www.womenwagepeace.org.il<\/span><\/a><\/p>\n<p><a href=\"https:\/\/www.facebook.com\/WomenWagePeace\/\"><span style=\"font-weight: 400;\">https:\/\/www.facebook.com\/WomenWagePeace\/<\/span><\/a><\/p>\n<p>&nbsp;<\/p>\n<p>&nbsp;<\/p>\n<p>&nbsp;<\/p>\n","protected":false},"excerpt":{"rendered":"<p>LA STRADA DELLA PACE comincer\u00e0 col nuovo anno ebraico. Questo evento far\u00e0 smuovere le cose in tutto il paese!!! https:\/\/www.mimoona.co.il\/Projects\/4267 Ecco alcuni dettagli dei diversi eventi: Il 24 settembre 2017, con l&#8217;inizio del nuovo anno ebraico, noi, decine di migliaia di donne, uomini, bambini, ebrei e arabi, laici e religiosi, di destra, di centro e [&hellip;]<\/p>\n","protected":false},"author":3,"featured_media":6770,"comment_status":"open","ping_status":"closed","sticky":false,"template":"","format":"standard","meta":[],"categories":[39,25,26],"tags":[58],"yoast_head":"<!-- This site is optimized with the Yoast SEO plugin v20.0 - https:\/\/yoast.com\/wordpress\/plugins\/seo\/ -->\n<title>La Strada Della Pace 24.9.17-10.10.17 - Women Wage Peace<\/title>\n<meta name=\"robots\" content=\"index, follow, max-snippet:-1, max-image-preview:large, max-video-preview:-1\" \/>\n<link rel=\"canonical\" href=\"https:\/\/www.womenwagepeace.org.il\/en\/il-viaggio-della-pace-italian\/\" \/>\n<meta property=\"og:locale\" content=\"en_US\" \/>\n<meta property=\"og:type\" content=\"article\" \/>\n<meta property=\"og:title\" content=\"La Strada Della Pace 24.9.17-10.10.17 - Women Wage Peace\" \/>\n<meta property=\"og:description\" content=\"LA STRADA DELLA PACE comincer\u00e0 col nuovo anno ebraico. Questo evento far\u00e0 smuovere le cose in tutto il paese!!! https:\/\/www.mimoona.co.il\/Projects\/4267 Ecco alcuni dettagli dei diversi eventi: Il 24 settembre 2017, con l&#8217;inizio del nuovo anno ebraico, noi, decine di migliaia di donne, uomini, bambini, ebrei e arabi, laici e religiosi, di destra, di centro e [&hellip;]\" \/>\n<meta property=\"og:url\" content=\"https:\/\/www.womenwagepeace.org.il\/en\/il-viaggio-della-pace-italian\/\" \/>\n<meta property=\"og:site_name\" content=\"Women Wage Peace\" \/>\n<meta property=\"article:publisher\" content=\"https:\/\/www.facebook.com\/womenwagepeaceenglish\/\" \/>\n<meta property=\"article:published_time\" content=\"2017-09-18T02:30:42+00:00\" \/>\n<meta property=\"article:modified_time\" content=\"2022-08-24T10:51:34+00:00\" \/>\n<meta property=\"og:image\" content=\"https:\/\/www.womenwagepeace.org.il\/en\/wp-content\/uploads\/Save-the-date-september-2017-e1503844916300.jpg\" \/>\n\t<meta property=\"og:image:width\" content=\"447\" \/>\n\t<meta property=\"og:image:height\" content=\"450\" \/>\n\t<meta property=\"og:image:type\" content=\"image\/jpeg\" \/>\n<meta name=\"author\" content=\"womenwagepeace\" \/>\n<meta name=\"twitter:card\" content=\"summary_large_image\" \/>\n<meta name=\"twitter:creator\" content=\"@WomenWagePeace\" \/>\n<meta name=\"twitter:site\" content=\"@WomenWagePeace\" \/>\n<meta name=\"twitter:label1\" content=\"Written by\" \/>\n\t<meta name=\"twitter:data1\" content=\"womenwagepeace\" \/>\n\t<meta name=\"twitter:label2\" content=\"Est. reading time\" \/>\n\t<meta name=\"twitter:data2\" content=\"3 minutes\" \/>\n<script type=\"application\/ld+json\" class=\"yoast-schema-graph\">{\"@context\":\"https:\/\/schema.org\",\"@graph\":[{\"@type\":\"Article\",\"@id\":\"https:\/\/www.womenwagepeace.org.il\/en\/il-viaggio-della-pace-italian\/#article\",\"isPartOf\":{\"@id\":\"https:\/\/www.womenwagepeace.org.il\/en\/il-viaggio-della-pace-italian\/\"},\"author\":{\"name\":\"womenwagepeace\",\"@id\":\"https:\/\/www.womenwagepeace.org.il\/en\/#\/schema\/person\/66106f4f1421a7fc87ecdc1d7d3c7411\"},\"headline\":\"La Strada Della Pace 24.9.17-10.10.17\",\"datePublished\":\"2017-09-18T02:30:42+00:00\",\"dateModified\":\"2022-08-24T10:51:34+00:00\",\"mainEntityOfPage\":{\"@id\":\"https:\/\/www.womenwagepeace.org.il\/en\/il-viaggio-della-pace-italian\/\"},\"wordCount\":529,\"commentCount\":0,\"publisher\":{\"@id\":\"https:\/\/www.womenwagepeace.org.il\/en\/#organization\"},\"keywords\":[\"il Viaggio della pace\"],\"articleSection\":[\"Italian\",\"Journey to Peace\",\"Past events\"],\"inLanguage\":\"en\",\"potentialAction\":[{\"@type\":\"CommentAction\",\"name\":\"Comment\",\"target\":[\"https:\/\/www.womenwagepeace.org.il\/en\/il-viaggio-della-pace-italian\/#respond\"]}]},{\"@type\":\"WebPage\",\"@id\":\"https:\/\/www.womenwagepeace.org.il\/en\/il-viaggio-della-pace-italian\/\",\"url\":\"https:\/\/www.womenwagepeace.org.il\/en\/il-viaggio-della-pace-italian\/\",\"name\":\"La Strada Della Pace 24.9.17-10.10.17 - Women Wage Peace\",\"isPartOf\":{\"@id\":\"https:\/\/www.womenwagepeace.org.il\/en\/#website\"},\"datePublished\":\"2017-09-18T02:30:42+00:00\",\"dateModified\":\"2022-08-24T10:51:34+00:00\",\"breadcrumb\":{\"@id\":\"https:\/\/www.womenwagepeace.org.il\/en\/il-viaggio-della-pace-italian\/#breadcrumb\"},\"inLanguage\":\"en\",\"potentialAction\":[{\"@type\":\"ReadAction\",\"target\":[\"https:\/\/www.womenwagepeace.org.il\/en\/il-viaggio-della-pace-italian\/\"]}]},{\"@type\":\"BreadcrumbList\",\"@id\":\"https:\/\/www.womenwagepeace.org.il\/en\/il-viaggio-della-pace-italian\/#breadcrumb\",\"itemListElement\":[{\"@type\":\"ListItem\",\"position\":1,\"name\":\"Home\",\"item\":\"https:\/\/www.womenwagepeace.org.il\/en\/\"},{\"@type\":\"ListItem\",\"position\":2,\"name\":\"La Strada Della Pace 24.9.17-10.10.17\"}]},{\"@type\":\"WebSite\",\"@id\":\"https:\/\/www.womenwagepeace.org.il\/en\/#website\",\"url\":\"https:\/\/www.womenwagepeace.org.il\/en\/\",\"name\":\"Women Wage Peace\",\"description\":\"English website\",\"publisher\":{\"@id\":\"https:\/\/www.womenwagepeace.org.il\/en\/#organization\"},\"potentialAction\":[{\"@type\":\"SearchAction\",\"target\":{\"@type\":\"EntryPoint\",\"urlTemplate\":\"https:\/\/www.womenwagepeace.org.il\/en\/?s={search_term_string}\"},\"query-input\":\"required name=search_term_string\"}],\"inLanguage\":\"en\"},{\"@type\":\"Organization\",\"@id\":\"https:\/\/www.womenwagepeace.org.il\/en\/#organization\",\"name\":\"Women Wage Peace\",\"url\":\"https:\/\/www.womenwagepeace.org.il\/en\/\",\"logo\":{\"@type\":\"ImageObject\",\"inLanguage\":\"en\",\"@id\":\"https:\/\/www.womenwagepeace.org.il\/en\/#\/schema\/logo\/image\/\",\"url\":\"https:\/\/www.womenwagepeace.org.il\/en\/wp-content\/uploads\/logo.png\",\"contentUrl\":\"https:\/\/www.womenwagepeace.org.il\/en\/wp-content\/uploads\/logo.png\",\"width\":242,\"height\":108,\"caption\":\"Women Wage Peace\"},\"image\":{\"@id\":\"https:\/\/www.womenwagepeace.org.il\/en\/#\/schema\/logo\/image\/\"},\"sameAs\":[\"https:\/\/www.facebook.com\/womenwagepeaceenglish\/\",\"https:\/\/twitter.com\/WomenWagePeace\"]},{\"@type\":\"Person\",\"@id\":\"https:\/\/www.womenwagepeace.org.il\/en\/#\/schema\/person\/66106f4f1421a7fc87ecdc1d7d3c7411\",\"name\":\"womenwagepeace\",\"url\":\"https:\/\/www.womenwagepeace.org.il\/en\/author\/womenwagepeace\/\"}]}<\/script>\n<!-- \/ Yoast SEO plugin. -->","yoast_head_json":{"title":"La Strada Della Pace 24.9.17-10.10.17 - Women Wage Peace","robots":{"index":"index","follow":"follow","max-snippet":"max-snippet:-1","max-image-preview":"max-image-preview:large","max-video-preview":"max-video-preview:-1"},"canonical":"https:\/\/www.womenwagepeace.org.il\/en\/il-viaggio-della-pace-italian\/","og_locale":"en_US","og_type":"article","og_title":"La Strada Della Pace 24.9.17-10.10.17 - Women Wage Peace","og_description":"LA STRADA DELLA PACE comincer\u00e0 col nuovo anno ebraico. Questo evento far\u00e0 smuovere le cose in tutto il paese!!! https:\/\/www.mimoona.co.il\/Projects\/4267 Ecco alcuni dettagli dei diversi eventi: Il 24 settembre 2017, con l&#8217;inizio del nuovo anno ebraico, noi, decine di migliaia di donne, uomini, bambini, ebrei e arabi, laici e religiosi, di destra, di centro e [&hellip;]","og_url":"https:\/\/www.womenwagepeace.org.il\/en\/il-viaggio-della-pace-italian\/","og_site_name":"Women Wage Peace","article_publisher":"https:\/\/www.facebook.com\/womenwagepeaceenglish\/","article_published_time":"2017-09-18T02:30:42+00:00","article_modified_time":"2022-08-24T10:51:34+00:00","og_image":[{"width":447,"height":450,"url":"https:\/\/www.womenwagepeace.org.il\/en\/wp-content\/uploads\/Save-the-date-september-2017-e1503844916300.jpg","type":"image\/jpeg"}],"author":"womenwagepeace","twitter_card":"summary_large_image","twitter_creator":"@WomenWagePeace","twitter_site":"@WomenWagePeace","twitter_misc":{"Written by":"womenwagepeace","Est. reading time":"3 minutes"},"schema":{"@context":"https:\/\/schema.org","@graph":[{"@type":"Article","@id":"https:\/\/www.womenwagepeace.org.il\/en\/il-viaggio-della-pace-italian\/#article","isPartOf":{"@id":"https:\/\/www.womenwagepeace.org.il\/en\/il-viaggio-della-pace-italian\/"},"author":{"name":"womenwagepeace","@id":"https:\/\/www.womenwagepeace.org.il\/en\/#\/schema\/person\/66106f4f1421a7fc87ecdc1d7d3c7411"},"headline":"La Strada Della Pace 24.9.17-10.10.17","datePublished":"2017-09-18T02:30:42+00:00","dateModified":"2022-08-24T10:51:34+00:00","mainEntityOfPage":{"@id":"https:\/\/www.womenwagepeace.org.il\/en\/il-viaggio-della-pace-italian\/"},"wordCount":529,"commentCount":0,"publisher":{"@id":"https:\/\/www.womenwagepeace.org.il\/en\/#organization"},"keywords":["il Viaggio della pace"],"articleSection":["Italian","Journey to Peace","Past events"],"inLanguage":"en","potentialAction":[{"@type":"CommentAction","name":"Comment","target":["https:\/\/www.womenwagepeace.org.il\/en\/il-viaggio-della-pace-italian\/#respond"]}]},{"@type":"WebPage","@id":"https:\/\/www.womenwagepeace.org.il\/en\/il-viaggio-della-pace-italian\/","url":"https:\/\/www.womenwagepeace.org.il\/en\/il-viaggio-della-pace-italian\/","name":"La Strada Della Pace 24.9.17-10.10.17 - Women Wage Peace","isPartOf":{"@id":"https:\/\/www.womenwagepeace.org.il\/en\/#website"},"datePublished":"2017-09-18T02:30:42+00:00","dateModified":"2022-08-24T10:51:34+00:00","breadcrumb":{"@id":"https:\/\/www.womenwagepeace.org.il\/en\/il-viaggio-della-pace-italian\/#breadcrumb"},"inLanguage":"en","potentialAction":[{"@type":"ReadAction","target":["https:\/\/www.womenwagepeace.org.il\/en\/il-viaggio-della-pace-italian\/"]}]},{"@type":"BreadcrumbList","@id":"https:\/\/www.womenwagepeace.org.il\/en\/il-viaggio-della-pace-italian\/#breadcrumb","itemListElement":[{"@type":"ListItem","position":1,"name":"Home","item":"https:\/\/www.womenwagepeace.org.il\/en\/"},{"@type":"ListItem","position":2,"name":"La Strada Della Pace 24.9.17-10.10.17"}]},{"@type":"WebSite","@id":"https:\/\/www.womenwagepeace.org.il\/en\/#website","url":"https:\/\/www.womenwagepeace.org.il\/en\/","name":"Women Wage Peace","description":"English website","publisher":{"@id":"https:\/\/www.womenwagepeace.org.il\/en\/#organization"},"potentialAction":[{"@type":"SearchAction","target":{"@type":"EntryPoint","urlTemplate":"https:\/\/www.womenwagepeace.org.il\/en\/?s={search_term_string}"},"query-input":"required name=search_term_string"}],"inLanguage":"en"},{"@type":"Organization","@id":"https:\/\/www.womenwagepeace.org.il\/en\/#organization","name":"Women Wage Peace","url":"https:\/\/www.womenwagepeace.org.il\/en\/","logo":{"@type":"ImageObject","inLanguage":"en","@id":"https:\/\/www.womenwagepeace.org.il\/en\/#\/schema\/logo\/image\/","url":"https:\/\/www.womenwagepeace.org.il\/en\/wp-content\/uploads\/logo.png","contentUrl":"https:\/\/www.womenwagepeace.org.il\/en\/wp-content\/uploads\/logo.png","width":242,"height":108,"caption":"Women Wage Peace"},"image":{"@id":"https:\/\/www.womenwagepeace.org.il\/en\/#\/schema\/logo\/image\/"},"sameAs":["https:\/\/www.facebook.com\/womenwagepeaceenglish\/","https:\/\/twitter.com\/WomenWagePeace"]},{"@type":"Person","@id":"https:\/\/www.womenwagepeace.org.il\/en\/#\/schema\/person\/66106f4f1421a7fc87ecdc1d7d3c7411","name":"womenwagepeace","url":"https:\/\/www.womenwagepeace.org.il\/en\/author\/womenwagepeace\/"}]}},"_links":{"self":[{"href":"https:\/\/www.womenwagepeace.org.il\/en\/wp-json\/wp\/v2\/posts\/6892"}],"collection":[{"href":"https:\/\/www.womenwagepeace.org.il\/en\/wp-json\/wp\/v2\/posts"}],"about":[{"href":"https:\/\/www.womenwagepeace.org.il\/en\/wp-json\/wp\/v2\/types\/post"}],"author":[{"embeddable":true,"href":"https:\/\/www.womenwagepeace.org.il\/en\/wp-json\/wp\/v2\/users\/3"}],"replies":[{"embeddable":true,"href":"https:\/\/www.womenwagepeace.org.il\/en\/wp-json\/wp\/v2\/comments?post=6892"}],"version-history":[{"count":1,"href":"https:\/\/www.womenwagepeace.org.il\/en\/wp-json\/wp\/v2\/posts\/6892\/revisions"}],"predecessor-version":[{"id":10357,"href":"https:\/\/www.womenwagepeace.org.il\/en\/wp-json\/wp\/v2\/posts\/6892\/revisions\/10357"}],"wp:featuredmedia":[{"embeddable":true,"href":"https:\/\/www.womenwagepeace.org.il\/en\/wp-json\/wp\/v2\/media\/6770"}],"wp:attachment":[{"href":"https:\/\/www.womenwagepeace.org.il\/en\/wp-json\/wp\/v2\/media?parent=6892"}],"wp:term":[{"taxonomy":"category","embeddable":true,"href":"https:\/\/www.womenwagepeace.org.il\/en\/wp-json\/wp\/v2\/categories?post=6892"},{"taxonomy":"post_tag","embeddable":true,"href":"https:\/\/www.womenwagepeace.org.il\/en\/wp-json\/wp\/v2\/tags?post=6892"}],"curies":[{"name":"wp","href":"https:\/\/api.w.org\/{rel}","templated":true}]}}