{"id":12654,"date":"2024-03-07T13:03:56","date_gmt":"2024-03-07T13:03:56","guid":{"rendered":"https:\/\/www.womenwagepeace.org.il\/en\/?p=12654"},"modified":"2024-03-25T11:00:19","modified_gmt":"2024-03-25T11:00:19","slug":"dr-yael-admi-the-representative-of-the-israeli-movement-women-wage-peace-at-time-magazine-2024-women-of-the-year-ceremony","status":"publish","type":"post","link":"https:\/\/www.womenwagepeace.org.il\/en\/dr-yael-admi-the-representative-of-the-israeli-movement-women-wage-peace-at-time-magazine-2024-women-of-the-year-ceremony\/","title":{"rendered":"Dr. Yael Admi, the representative of the Israeli movement Women Wage Peace at Time Magazine 2024 Women of the Year ceremony"},"content":{"rendered":"\t\t<div data-elementor-type=\"wp-post\" data-elementor-id=\"12654\" class=\"elementor elementor-12654\" data-elementor-post-type=\"post\">\n\t\t\t\t\t\t<section class=\"elementor-section elementor-top-section elementor-element elementor-element-7b8e8e2 elementor-section-boxed elementor-section-height-default elementor-section-height-default\" data-id=\"7b8e8e2\" data-element_type=\"section\">\n\t\t\t\t\t\t<div class=\"elementor-container elementor-column-gap-default\">\n\t\t\t\t\t<div class=\"elementor-column elementor-col-100 elementor-top-column elementor-element elementor-element-fe4f9e8\" data-id=\"fe4f9e8\" data-element_type=\"column\">\n\t\t\t<div class=\"elementor-widget-wrap elementor-element-populated\">\n\t\t\t\t\t\t<div class=\"elementor-element elementor-element-fb5e538 elementor-widget elementor-widget-text-editor\" data-id=\"fb5e538\" data-element_type=\"widget\" data-widget_type=\"text-editor.default\">\n\t\t\t\t<div class=\"elementor-widget-container\">\n\t\t\t<style>\/*! elementor - v3.20.0 - 26-03-2024 *\/\n.elementor-widget-text-editor.elementor-drop-cap-view-stacked .elementor-drop-cap{background-color:#69727d;color:#fff}.elementor-widget-text-editor.elementor-drop-cap-view-framed .elementor-drop-cap{color:#69727d;border:3px solid;background-color:transparent}.elementor-widget-text-editor:not(.elementor-drop-cap-view-default) .elementor-drop-cap{margin-top:8px}.elementor-widget-text-editor:not(.elementor-drop-cap-view-default) .elementor-drop-cap-letter{width:1em;height:1em}.elementor-widget-text-editor .elementor-drop-cap{float:left;text-align:center;line-height:1;font-size:50px}.elementor-widget-text-editor .elementor-drop-cap-letter{display:inline-block}<\/style>\t\t\t\t<div dir=\"auto\">Yesterday evening in Los Angeles, Time Magazine held a gala event announcing the 12 most influential women in the world, 2024. We are so proud that the list includes Dr. Yael Admi, the representative of the Israeli movement Women Wage Peace and Reem Hajajra, the representative of the Palestinian movement Women of the Sun.<\/div><div dir=\"auto\">The list also includes the director\/script writer\/actress Greta Gerwig who created the successful movie \u201cBarbie\u201d, the singer\/actress Andra Day, Nadia Murad, a Yazidi human rights activist and Nobel Peace Prize Laureate, 2018, who was kidnapped and enslaved and succeeded in fleeing from captivity, and other influential women in sports, science, economics, business and culture.<\/div><div dir=\"auto\">We are proud of our movement and of the Palestinian movement Women of the Sun who were chosen because of their joint struggle before the war and even more so after the war, to stop the terrible cycle of bloodshed which is the result of the Israeli-Palestinian conflict and for the joint Mothers\u2019 Call of both movements for a future of peace, freedom, equality, human rights and security for our children by reaching a political agreement to end the conflict.<\/div>\t\t\t\t\t\t<\/div>\n\t\t\t\t<\/div>\n\t\t\t\t\t<\/div>\n\t\t<\/div>\n\t\t\t\t\t<\/div>\n\t\t<\/section>\n\t\t\t\t<section class=\"elementor-section elementor-top-section elementor-element elementor-element-57fc672 elementor-section-boxed elementor-section-height-default elementor-section-height-default\" data-id=\"57fc672\" data-element_type=\"section\">\n\t\t\t\t\t\t<div class=\"elementor-container elementor-column-gap-default\">\n\t\t\t\t\t<div class=\"elementor-column elementor-col-100 elementor-top-column elementor-element elementor-element-fac9ba2\" data-id=\"fac9ba2\" data-element_type=\"column\">\n\t\t\t<div class=\"elementor-widget-wrap elementor-element-populated\">\n\t\t\t\t\t\t<div class=\"elementor-element elementor-element-a869e3e elementor-widget elementor-widget-text-editor\" data-id=\"a869e3e\" data-element_type=\"widget\" data-widget_type=\"text-editor.default\">\n\t\t\t\t<div class=\"elementor-widget-container\">\n\t\t\t\t\t\t\t<p>Media Coverage:<\/p><p>\u00a0<\/p><ul><li><p class=\"main-asset-premium__title\"><a href=\"https:\/\/tvn24.pl\/premium\/zemsta-nie-jest-strategia-ktora-moze-przyniesc-swiatu-cos-dobrego-przynosi-tylko-kolejna-zemste-st7834127\" target=\"_blank\" rel=\"noopener\">Zemsta nie jest strategi\u0105, kt\u00f3ra mo\u017ce przynie\u015b\u0107 \u015bwiatu co\u015b dobrego. Przynosi tylko kolejn\u0105 zemst\u0119&#8221; \/ TVN24, Poland, 24.3.24<\/a><\/p><\/li><li><p><a href=\"https:\/\/tvn24.pl\/premium\/zemsta-nie-jest-strategia-ktora-moze-przyniesc-swiatu-cos-dobrego-przynosi-tylko-kolejna-zemste-st7834127\" target=\"_blank\" rel=\"noopener\">Interview de Yael Admi, fondatrice de Women Wage Peace et de Reem Hjajara, fondatrice de Women of the Sun \/ Fondation RAJA-Dani\u00e8le Marcovici, 21.3.24<\/a><\/p><\/li><li><p class=\"entry-title\"><a href=\"https:\/\/asianews.network\/times-women-of-the-year-magazine-honours-israeli-and-palestinian-women-calling-for-peace\/\" target=\"_blank\" rel=\"noopener\">Time\u2019s women of the year: Magazine honours \u2018Israeli and Palestinian women calling for peace\u2019, Asia News Network, 7\/3\/24<\/a><\/p><\/li><\/ul>\t\t\t\t\t\t<\/div>\n\t\t\t\t<\/div>\n\t\t\t\t\t<\/div>\n\t\t<\/div>\n\t\t\t\t\t<\/div>\n\t\t<\/section>\n\t\t\t\t<\/div>\n\t\t","protected":false},"excerpt":{"rendered":"<p>Yesterday evening in Los Angeles, Time Magazine held a gala event announcing the 12 most influential women in the world, 2024. We are so proud that the list includes Dr. Yael Admi, the representative of the Israeli movement Women Wage Peace and Reem Hajajra, the representative of the Palestinian movement Women of the Sun.The list [&hellip;]<\/p>\n","protected":false},"author":2,"featured_media":12656,"comment_status":"closed","ping_status":"closed","sticky":false,"template":"","format":"standard","meta":[],"categories":[9,65,102],"tags":[445],"yoast_head":"<!-- This site is optimized with the Yoast SEO plugin v20.0 - https:\/\/yoast.com\/wordpress\/plugins\/seo\/ -->\n<title>Dr. Yael Admi, the representative of the Israeli movement Women Wage Peace at Time Magazine 2024 Women of the Year ceremony - Women Wage Peace<\/title>\n<meta name=\"robots\" content=\"index, follow, max-snippet:-1, max-image-preview:large, max-video-preview:-1\" \/>\n<link rel=\"canonical\" href=\"https:\/\/www.womenwagepeace.org.il\/en\/dr-yael-admi-the-representative-of-the-israeli-movement-women-wage-peace-at-time-magazine-2024-women-of-the-year-ceremony\/\" \/>\n<meta property=\"og:locale\" content=\"en_US\" \/>\n<meta property=\"og:type\" content=\"article\" \/>\n<meta property=\"og:title\" content=\"Dr. Yael Admi, the representative of the Israeli movement Women Wage Peace at Time Magazine 2024 Women of the Year ceremony - Women Wage Peace\" \/>\n<meta property=\"og:description\" content=\"Yesterday evening in Los Angeles, Time Magazine held a gala event announcing the 12 most influential women in the world, 2024. We are so proud that the list includes Dr. Yael Admi, the representative of the Israeli movement Women Wage Peace and Reem Hajajra, the representative of the Palestinian movement Women of the Sun.The list [&hellip;]\" \/>\n<meta property=\"og:url\" content=\"https:\/\/www.womenwagepeace.org.il\/en\/dr-yael-admi-the-representative-of-the-israeli-movement-women-wage-peace-at-time-magazine-2024-women-of-the-year-ceremony\/\" \/>\n<meta property=\"og:site_name\" content=\"Women Wage Peace\" \/>\n<meta property=\"article:publisher\" content=\"https:\/\/www.facebook.com\/womenwagepeaceenglish\/\" \/>\n<meta property=\"article:published_time\" content=\"2024-03-07T13:03:56+00:00\" \/>\n<meta property=\"article:modified_time\" content=\"2024-03-25T11:00:19+00:00\" \/>\n<meta property=\"og:image\" content=\"https:\/\/www.womenwagepeace.org.il\/en\/wp-content\/uploads\/Time-women-of-the-year.jpg\" \/>\n\t<meta property=\"og:image:width\" content=\"2048\" \/>\n\t<meta property=\"og:image:height\" content=\"1536\" \/>\n\t<meta property=\"og:image:type\" content=\"image\/jpeg\" \/>\n<meta name=\"author\" content=\"WWP editor\" \/>\n<meta name=\"twitter:card\" content=\"summary_large_image\" \/>\n<meta name=\"twitter:creator\" content=\"@WomenWagePeace\" \/>\n<meta name=\"twitter:site\" content=\"@WomenWagePeace\" \/>\n<meta name=\"twitter:label1\" content=\"Written by\" \/>\n\t<meta name=\"twitter:data1\" content=\"WWP editor\" \/>\n\t<meta name=\"twitter:label2\" content=\"Est. reading time\" \/>\n\t<meta name=\"twitter:data2\" content=\"2 minutes\" \/>\n<script type=\"application\/ld+json\" class=\"yoast-schema-graph\">{\"@context\":\"https:\/\/schema.org\",\"@graph\":[{\"@type\":\"Article\",\"@id\":\"https:\/\/www.womenwagepeace.org.il\/en\/dr-yael-admi-the-representative-of-the-israeli-movement-women-wage-peace-at-time-magazine-2024-women-of-the-year-ceremony\/#article\",\"isPartOf\":{\"@id\":\"https:\/\/www.womenwagepeace.org.il\/en\/dr-yael-admi-the-representative-of-the-israeli-movement-women-wage-peace-at-time-magazine-2024-women-of-the-year-ceremony\/\"},\"author\":{\"name\":\"WWP editor\",\"@id\":\"https:\/\/www.womenwagepeace.org.il\/en\/#\/schema\/person\/2569286ad5b288c6cfac61448ab4defe\"},\"headline\":\"Dr. Yael Admi, the representative of the Israeli movement Women Wage Peace at Time Magazine 2024 Women of the Year ceremony\",\"datePublished\":\"2024-03-07T13:03:56+00:00\",\"dateModified\":\"2024-03-25T11:00:19+00:00\",\"mainEntityOfPage\":{\"@id\":\"https:\/\/www.womenwagepeace.org.il\/en\/dr-yael-admi-the-representative-of-the-israeli-movement-women-wage-peace-at-time-magazine-2024-women-of-the-year-ceremony\/\"},\"wordCount\":269,\"publisher\":{\"@id\":\"https:\/\/www.womenwagepeace.org.il\/en\/#organization\"},\"keywords\":[\"Yes we have a partner!\"],\"articleSection\":[\"Events\",\"Women in our movement\",\"Women's power\"],\"inLanguage\":\"en\"},{\"@type\":\"WebPage\",\"@id\":\"https:\/\/www.womenwagepeace.org.il\/en\/dr-yael-admi-the-representative-of-the-israeli-movement-women-wage-peace-at-time-magazine-2024-women-of-the-year-ceremony\/\",\"url\":\"https:\/\/www.womenwagepeace.org.il\/en\/dr-yael-admi-the-representative-of-the-israeli-movement-women-wage-peace-at-time-magazine-2024-women-of-the-year-ceremony\/\",\"name\":\"Dr. Yael Admi, the representative of the Israeli movement Women Wage Peace at Time Magazine 2024 Women of the Year ceremony - Women Wage Peace\",\"isPartOf\":{\"@id\":\"https:\/\/www.womenwagepeace.org.il\/en\/#website\"},\"datePublished\":\"2024-03-07T13:03:56+00:00\",\"dateModified\":\"2024-03-25T11:00:19+00:00\",\"breadcrumb\":{\"@id\":\"https:\/\/www.womenwagepeace.org.il\/en\/dr-yael-admi-the-representative-of-the-israeli-movement-women-wage-peace-at-time-magazine-2024-women-of-the-year-ceremony\/#breadcrumb\"},\"inLanguage\":\"en\",\"potentialAction\":[{\"@type\":\"ReadAction\",\"target\":[\"https:\/\/www.womenwagepeace.org.il\/en\/dr-yael-admi-the-representative-of-the-israeli-movement-women-wage-peace-at-time-magazine-2024-women-of-the-year-ceremony\/\"]}]},{\"@type\":\"BreadcrumbList\",\"@id\":\"https:\/\/www.womenwagepeace.org.il\/en\/dr-yael-admi-the-representative-of-the-israeli-movement-women-wage-peace-at-time-magazine-2024-women-of-the-year-ceremony\/#breadcrumb\",\"itemListElement\":[{\"@type\":\"ListItem\",\"position\":1,\"name\":\"Home\",\"item\":\"https:\/\/www.womenwagepeace.org.il\/en\/\"},{\"@type\":\"ListItem\",\"position\":2,\"name\":\"Dr. Yael Admi, the representative of the Israeli movement Women Wage Peace at Time Magazine 2024 Women of the Year ceremony\"}]},{\"@type\":\"WebSite\",\"@id\":\"https:\/\/www.womenwagepeace.org.il\/en\/#website\",\"url\":\"https:\/\/www.womenwagepeace.org.il\/en\/\",\"name\":\"Women Wage Peace\",\"description\":\"English website\",\"publisher\":{\"@id\":\"https:\/\/www.womenwagepeace.org.il\/en\/#organization\"},\"potentialAction\":[{\"@type\":\"SearchAction\",\"target\":{\"@type\":\"EntryPoint\",\"urlTemplate\":\"https:\/\/www.womenwagepeace.org.il\/en\/?s={search_term_string}\"},\"query-input\":\"required name=search_term_string\"}],\"inLanguage\":\"en\"},{\"@type\":\"Organization\",\"@id\":\"https:\/\/www.womenwagepeace.org.il\/en\/#organization\",\"name\":\"Women Wage Peace\",\"url\":\"https:\/\/www.womenwagepeace.org.il\/en\/\",\"logo\":{\"@type\":\"ImageObject\",\"inLanguage\":\"en\",\"@id\":\"https:\/\/www.womenwagepeace.org.il\/en\/#\/schema\/logo\/image\/\",\"url\":\"https:\/\/www.womenwagepeace.org.il\/en\/wp-content\/uploads\/logo.png\",\"contentUrl\":\"https:\/\/www.womenwagepeace.org.il\/en\/wp-content\/uploads\/logo.png\",\"width\":242,\"height\":108,\"caption\":\"Women Wage Peace\"},\"image\":{\"@id\":\"https:\/\/www.womenwagepeace.org.il\/en\/#\/schema\/logo\/image\/\"},\"sameAs\":[\"https:\/\/www.facebook.com\/womenwagepeaceenglish\/\",\"https:\/\/twitter.com\/WomenWagePeace\"]},{\"@type\":\"Person\",\"@id\":\"https:\/\/www.womenwagepeace.org.il\/en\/#\/schema\/person\/2569286ad5b288c6cfac61448ab4defe\",\"name\":\"WWP editor\",\"url\":\"https:\/\/www.womenwagepeace.org.il\/en\/author\/naomi\/\"}]}<\/script>\n<!-- \/ Yoast SEO plugin. -->","yoast_head_json":{"title":"Dr. Yael Admi, the representative of the Israeli movement Women Wage Peace at Time Magazine 2024 Women of the Year ceremony - Women Wage Peace","robots":{"index":"index","follow":"follow","max-snippet":"max-snippet:-1","max-image-preview":"max-image-preview:large","max-video-preview":"max-video-preview:-1"},"canonical":"https:\/\/www.womenwagepeace.org.il\/en\/dr-yael-admi-the-representative-of-the-israeli-movement-women-wage-peace-at-time-magazine-2024-women-of-the-year-ceremony\/","og_locale":"en_US","og_type":"article","og_title":"Dr. Yael Admi, the representative of the Israeli movement Women Wage Peace at Time Magazine 2024 Women of the Year ceremony - Women Wage Peace","og_description":"Yesterday evening in Los Angeles, Time Magazine held a gala event announcing the 12 most influential women in the world, 2024. We are so proud that the list includes Dr. Yael Admi, the representative of the Israeli movement Women Wage Peace and Reem Hajajra, the representative of the Palestinian movement Women of the Sun.The list [&hellip;]","og_url":"https:\/\/www.womenwagepeace.org.il\/en\/dr-yael-admi-the-representative-of-the-israeli-movement-women-wage-peace-at-time-magazine-2024-women-of-the-year-ceremony\/","og_site_name":"Women Wage Peace","article_publisher":"https:\/\/www.facebook.com\/womenwagepeaceenglish\/","article_published_time":"2024-03-07T13:03:56+00:00","article_modified_time":"2024-03-25T11:00:19+00:00","og_image":[{"width":2048,"height":1536,"url":"https:\/\/www.womenwagepeace.org.il\/en\/wp-content\/uploads\/Time-women-of-the-year.jpg","type":"image\/jpeg"}],"author":"WWP editor","twitter_card":"summary_large_image","twitter_creator":"@WomenWagePeace","twitter_site":"@WomenWagePeace","twitter_misc":{"Written by":"WWP editor","Est. reading time":"2 minutes"},"schema":{"@context":"https:\/\/schema.org","@graph":[{"@type":"Article","@id":"https:\/\/www.womenwagepeace.org.il\/en\/dr-yael-admi-the-representative-of-the-israeli-movement-women-wage-peace-at-time-magazine-2024-women-of-the-year-ceremony\/#article","isPartOf":{"@id":"https:\/\/www.womenwagepeace.org.il\/en\/dr-yael-admi-the-representative-of-the-israeli-movement-women-wage-peace-at-time-magazine-2024-women-of-the-year-ceremony\/"},"author":{"name":"WWP editor","@id":"https:\/\/www.womenwagepeace.org.il\/en\/#\/schema\/person\/2569286ad5b288c6cfac61448ab4defe"},"headline":"Dr. Yael Admi, the representative of the Israeli movement Women Wage Peace at Time Magazine 2024 Women of the Year ceremony","datePublished":"2024-03-07T13:03:56+00:00","dateModified":"2024-03-25T11:00:19+00:00","mainEntityOfPage":{"@id":"https:\/\/www.womenwagepeace.org.il\/en\/dr-yael-admi-the-representative-of-the-israeli-movement-women-wage-peace-at-time-magazine-2024-women-of-the-year-ceremony\/"},"wordCount":269,"publisher":{"@id":"https:\/\/www.womenwagepeace.org.il\/en\/#organization"},"keywords":["Yes we have a partner!"],"articleSection":["Events","Women in our movement","Women's power"],"inLanguage":"en"},{"@type":"WebPage","@id":"https:\/\/www.womenwagepeace.org.il\/en\/dr-yael-admi-the-representative-of-the-israeli-movement-women-wage-peace-at-time-magazine-2024-women-of-the-year-ceremony\/","url":"https:\/\/www.womenwagepeace.org.il\/en\/dr-yael-admi-the-representative-of-the-israeli-movement-women-wage-peace-at-time-magazine-2024-women-of-the-year-ceremony\/","name":"Dr. Yael Admi, the representative of the Israeli movement Women Wage Peace at Time Magazine 2024 Women of the Year ceremony - Women Wage Peace","isPartOf":{"@id":"https:\/\/www.womenwagepeace.org.il\/en\/#website"},"datePublished":"2024-03-07T13:03:56+00:00","dateModified":"2024-03-25T11:00:19+00:00","breadcrumb":{"@id":"https:\/\/www.womenwagepeace.org.il\/en\/dr-yael-admi-the-representative-of-the-israeli-movement-women-wage-peace-at-time-magazine-2024-women-of-the-year-ceremony\/#breadcrumb"},"inLanguage":"en","potentialAction":[{"@type":"ReadAction","target":["https:\/\/www.womenwagepeace.org.il\/en\/dr-yael-admi-the-representative-of-the-israeli-movement-women-wage-peace-at-time-magazine-2024-women-of-the-year-ceremony\/"]}]},{"@type":"BreadcrumbList","@id":"https:\/\/www.womenwagepeace.org.il\/en\/dr-yael-admi-the-representative-of-the-israeli-movement-women-wage-peace-at-time-magazine-2024-women-of-the-year-ceremony\/#breadcrumb","itemListElement":[{"@type":"ListItem","position":1,"name":"Home","item":"https:\/\/www.womenwagepeace.org.il\/en\/"},{"@type":"ListItem","position":2,"name":"Dr. Yael Admi, the representative of the Israeli movement Women Wage Peace at Time Magazine 2024 Women of the Year ceremony"}]},{"@type":"WebSite","@id":"https:\/\/www.womenwagepeace.org.il\/en\/#website","url":"https:\/\/www.womenwagepeace.org.il\/en\/","name":"Women Wage Peace","description":"English website","publisher":{"@id":"https:\/\/www.womenwagepeace.org.il\/en\/#organization"},"potentialAction":[{"@type":"SearchAction","target":{"@type":"EntryPoint","urlTemplate":"https:\/\/www.womenwagepeace.org.il\/en\/?s={search_term_string}"},"query-input":"required name=search_term_string"}],"inLanguage":"en"},{"@type":"Organization","@id":"https:\/\/www.womenwagepeace.org.il\/en\/#organization","name":"Women Wage Peace","url":"https:\/\/www.womenwagepeace.org.il\/en\/","logo":{"@type":"ImageObject","inLanguage":"en","@id":"https:\/\/www.womenwagepeace.org.il\/en\/#\/schema\/logo\/image\/","url":"https:\/\/www.womenwagepeace.org.il\/en\/wp-content\/uploads\/logo.png","contentUrl":"https:\/\/www.womenwagepeace.org.il\/en\/wp-content\/uploads\/logo.png","width":242,"height":108,"caption":"Women Wage Peace"},"image":{"@id":"https:\/\/www.womenwagepeace.org.il\/en\/#\/schema\/logo\/image\/"},"sameAs":["https:\/\/www.facebook.com\/womenwagepeaceenglish\/","https:\/\/twitter.com\/WomenWagePeace"]},{"@type":"Person","@id":"https:\/\/www.womenwagepeace.org.il\/en\/#\/schema\/person\/2569286ad5b288c6cfac61448ab4defe","name":"WWP editor","url":"https:\/\/www.womenwagepeace.org.il\/en\/author\/naomi\/"}]}},"_links":{"self":[{"href":"https:\/\/www.womenwagepeace.org.il\/en\/wp-json\/wp\/v2\/posts\/12654"}],"collection":[{"href":"https:\/\/www.womenwagepeace.org.il\/en\/wp-json\/wp\/v2\/posts"}],"about":[{"href":"https:\/\/www.womenwagepeace.org.il\/en\/wp-json\/wp\/v2\/types\/post"}],"author":[{"embeddable":true,"href":"https:\/\/www.womenwagepeace.org.il\/en\/wp-json\/wp\/v2\/users\/2"}],"replies":[{"embeddable":true,"href":"https:\/\/www.womenwagepeace.org.il\/en\/wp-json\/wp\/v2\/comments?post=12654"}],"version-history":[{"count":10,"href":"https:\/\/www.womenwagepeace.org.il\/en\/wp-json\/wp\/v2\/posts\/12654\/revisions"}],"predecessor-version":[{"id":12746,"href":"https:\/\/www.womenwagepeace.org.il\/en\/wp-json\/wp\/v2\/posts\/12654\/revisions\/12746"}],"wp:featuredmedia":[{"embeddable":true,"href":"https:\/\/www.womenwagepeace.org.il\/en\/wp-json\/wp\/v2\/media\/12656"}],"wp:attachment":[{"href":"https:\/\/www.womenwagepeace.org.il\/en\/wp-json\/wp\/v2\/media?parent=12654"}],"wp:term":[{"taxonomy":"category","embeddable":true,"href":"https:\/\/www.womenwagepeace.org.il\/en\/wp-json\/wp\/v2\/categories?post=12654"},{"taxonomy":"post_tag","embeddable":true,"href":"https:\/\/www.womenwagepeace.org.il\/en\/wp-json\/wp\/v2\/tags?post=12654"}],"curies":[{"name":"wp","href":"https:\/\/api.w.org\/{rel}","templated":true}]}}